{"id":4069,"date":"2023-03-30T13:25:09","date_gmt":"2023-03-30T13:25:09","guid":{"rendered":"https:\/\/defrentealaverdad.com\/?p=4069"},"modified":"2023-03-30T13:25:09","modified_gmt":"2023-03-30T13:25:09","slug":"ministerio-de-trabajo-invita-a-feria-de-empleo-con-mas-de-400-vacantes-en-el-distrito-nacional","status":"publish","type":"post","link":"https:\/\/defrentealaverdad.com\/index.php\/2023\/03\/30\/ministerio-de-trabajo-invita-a-feria-de-empleo-con-mas-de-400-vacantes-en-el-distrito-nacional\/","title":{"rendered":"Ministerio de Trabajo invita a Feria de Empleo con m\u00e1s de 400 vacantes en el Distrito Nacional"},"content":{"rendered":"<p style=\"text-align: justify;\">Por Felix Rubio<\/p>\n<p><img decoding=\"async\" data-src=\"https:\/\/presidencia.gob.do\/sites\/default\/files\/styles\/large\/public\/news\/2023-03\/AE1DC51D-743B-4772-A0D0-9F207E902CC4.jpeg?itok=mt2x9-de\" alt=\"Fachada de la Instituci\u00f3n\" src=\"data:image\/svg+xml;base64,PHN2ZyB3aWR0aD0iMSIgaGVpZ2h0PSIxIiB4bWxucz0iaHR0cDovL3d3dy53My5vcmcvMjAwMC9zdmciPjwvc3ZnPg==\" class=\"lazyload\" \/><\/p>\n<p style=\"text-align: justify;\">Santo Domingo.- <strong>El Ministerio de Trabajo<\/strong>, a trav\u00e9s del\u00a0<strong>Servicio Nacional de Empleo (SENAE)<\/strong>, invita a las personas interesadas a participar en la\u00a0<strong>feria de empleo<\/strong>\u00a0que ser\u00e1 realizada el viernes\u00a0<strong>31 de marzo<\/strong>\u00a0del a\u00f1o en curso.<\/p>\n<p style=\"text-align: justify;\">Esta actividad se llevar\u00e1 a cabo en horario de 9:00 de la ma\u00f1ana a 3:00 de la tarde en la\u00a0<strong>Universidad Cat\u00f3lica Santo Domingo (UCSD)<\/strong>, ubicada en la Avenida Bol\u00edvar No. 902, de esta ciudad.<\/p>\n<p style=\"text-align: justify;\">En la misma, participar\u00e1n un total de\u00a0<strong>siete empresas\u00a0<\/strong>y en aras de promover la\u00a0<strong>inserci\u00f3n laboral inclusiva<\/strong>, contar\u00e1 con servicio de interpretaci\u00f3n de\u00a0<strong>lengua de se\u00f1as<\/strong>\u00a0y de\u00a0<strong>rampas de seguridad<\/strong>\u00a0para f\u00e1cil acceso de todos los participantes.<\/p>\n<p style=\"text-align: justify;\">Se resalta que esta feria cuenta con\u00a0<strong>424 vacantes disponibles,<\/strong>\u00a0las cuales incluyen\u00a0<strong>empleos verdes<\/strong>\u00a0como: superintendente de plantas de tratamiento de aguas, analista de laboratorios para tratamiento de aguas residuales, ingeniero de proyectos en gesti\u00f3n de carbono, encargado de sostenibilidad y gerente de medio ambiente y cumplimiento.<\/p>\n<p style=\"text-align: justify;\">Igualmente, se disponen puestos para las siguientes \u00e1reas:\u00a0<strong>administraci\u00f3n, ingenier\u00eda, inform\u00e1tica, supervisi\u00f3n, producci\u00f3n, t\u00e9cnica, servicio al cliente, restaurante, transportaci\u00f3n y seguridad.<\/strong><\/p>\n<p style=\"text-align: justify;\">Esta actividad cuenta con la participaci\u00f3n del Instituto T\u00e9cnico Profesional\u00a0<strong>(INFOTEP)<\/strong>, el Consejo Nacional de Promoci\u00f3n y Apoyo a la Micro, Peque\u00f1a y Mediana Empresa\u00a0<strong>(PROMIPYME)<\/strong>,\u00a0<strong>Ministerio de la Juventud y Sup\u00e9rate.<\/strong><\/p>\n<p style=\"text-align: justify;\">El Ministerio de Trabajo aclara que el\u00a0<strong>proceso de reclutamiento depende de cada empresa<\/strong>\u00a0y algunas de ellas toman un poco m\u00e1s de tiempo, debido a la naturaleza de sus vacantes.<\/p>\n<p style=\"text-align: justify;\">La intermediaci\u00f3n laboral del Ministerio es un\u00a0<strong>servicio p\u00fablico y gratuito<\/strong>\u00a0que brinda a los ciudadanos.<\/p>\n<p style=\"text-align: justify;\">Los interesados favor registrarse en la p\u00e1gina web:\u00a0<a href=\"https:\/\/presidencia.gob.do\/noticias\/rdtrabaja.mt.gob.do\">rdtrabaja.mt.gob.do<\/a>, llamar al tel\u00e9fono: (809) 535-4404 exts. 3115 al 3123 o seguir a la entidad en las redes sociales.<\/p>\n<p>&nbsp;<\/p>\n<p>Fuente: Ministerio de Trabajo<\/p>\n","protected":false},"excerpt":{"rendered":"<p>Por Felix Rubio Santo Domingo.- El Ministerio de Trabajo, a trav\u00e9s del\u00a0Servicio Nacional de Empleo<\/p>\n","protected":false},"author":1,"featured_media":0,"comment_status":"open","ping_status":"open","sticky":false,"template":"","format":"standard","meta":{"footnotes":""},"categories":[2,7],"tags":[],"class_list":["post-4069","post","type-post","status-publish","format-standard","hentry","category-economicas","category-nacionales"],"_links":{"self":[{"href":"https:\/\/defrentealaverdad.com\/index.php\/wp-json\/wp\/v2\/posts\/4069","targetHints":{"allow":["GET"]}}],"collection":[{"href":"https:\/\/defrentealaverdad.com\/index.php\/wp-json\/wp\/v2\/posts"}],"about":[{"href":"https:\/\/defrentealaverdad.com\/index.php\/wp-json\/wp\/v2\/types\/post"}],"author":[{"embeddable":true,"href":"https:\/\/defrentealaverdad.com\/index.php\/wp-json\/wp\/v2\/users\/1"}],"replies":[{"embeddable":true,"href":"https:\/\/defrentealaverdad.com\/index.php\/wp-json\/wp\/v2\/comments?post=4069"}],"version-history":[{"count":1,"href":"https:\/\/defrentealaverdad.com\/index.php\/wp-json\/wp\/v2\/posts\/4069\/revisions"}],"predecessor-version":[{"id":4070,"href":"https:\/\/defrentealaverdad.com\/index.php\/wp-json\/wp\/v2\/posts\/4069\/revisions\/4070"}],"wp:attachment":[{"href":"https:\/\/defrentealaverdad.com\/index.php\/wp-json\/wp\/v2\/media?parent=4069"}],"wp:term":[{"taxonomy":"category","embeddable":true,"href":"https:\/\/defrentealaverdad.com\/index.php\/wp-json\/wp\/v2\/categories?post=4069"},{"taxonomy":"post_tag","embeddable":true,"href":"https:\/\/defrentealaverdad.com\/index.php\/wp-json\/wp\/v2\/tags?post=4069"}],"curies":[{"name":"wp","href":"https:\/\/api.w.org\/{rel}","templated":true}]}}