{"id":40569,"date":"2025-02-27T20:55:31","date_gmt":"2025-02-27T20:55:31","guid":{"rendered":"https:\/\/defrentealaverdad.com\/?p=40569"},"modified":"2025-02-28T22:55:45","modified_gmt":"2025-02-28T22:55:45","slug":"presidente-abinader-encabeza-desfile-militar-por-el-181-aniversario-de-la-independencia-nacional","status":"publish","type":"post","link":"https:\/\/defrentealaverdad.com\/index.php\/2025\/02\/27\/presidente-abinader-encabeza-desfile-militar-por-el-181-aniversario-de-la-independencia-nacional\/","title":{"rendered":"Presidente Abinader encabeza desfile militar por el 181 aniversario de la Independencia Nacional"},"content":{"rendered":"<p>Por Felix Rubio<\/p>\n<p style=\"text-align: justify;\">Santo Domingo.- El presidente Luis Abinader encabez\u00f3 el desfile militar en conmemoraci\u00f3n del 181 aniversario de la Independencia Nacional, con el cual culminaron este 27 de febrero las actividades del Mes de la Patria.<\/p>\n<p style=\"text-align: justify;\">A su llegada a la avenida George Washington (Malec\u00f3n), el jefe del Estado recibi\u00f3 los honores militares de rigor, consistentes en cinco floreteos y el himno nacional, acompa\u00f1ados de una salva de artiller\u00eda de 21 ca\u00f1onazos, con banda de m\u00fasica y corneta, por parte del Primer Regimiento Dominicano de la Guardia Presidencial, comandada por el general Guillermo Caro.<\/p>\n<p style=\"text-align: justify;\">De inmediato, el comandante de la Divisi\u00f3n Conjunta Independencia 2025, mayor general Miguel Angel Rubio B\u00e1ez, ERD, solicit\u00f3 al jefe supremo de las Fuerzas Armadas y la Polic\u00eda Nacional el permiso para iniciar el desfile, el cual concedi\u00f3 el mandatario.<\/p>\n<p style=\"text-align: justify;\">En la parada, batallones del Ej\u00e9rcito, la Armada y la Fuerza A\u00e9rea de Rep\u00fablica Dominicana, junto con los distintos cuerpos especializados de seguridad y unidades de la Polic\u00eda Nacional, mostraron sus equipamientos, muchos de los cuales fueron adquiridos en la actual gesti\u00f3n del mandatario, y destrezas operacionales para defender la soberan\u00eda del suelo patrio y la seguridad ciudadana.<\/p>\n<p style=\"text-align: justify;\">El desfile lo iniciaron los cuerpos especializados de Seguridad Fronteriza Terrestre (Cesfront), del Metro y el Telef\u00e9rico (Cesmet), de Control de Combustibles y Comercio de Mercanc\u00edas (Ceccom), de Aeroportuaria y de la Aviaci\u00f3n Civil (Cesac), Portuaria (Cesep), la Fuerza de Tarea Ciudad Tranquila (FT-Ciutran), el Servicio Nacional de Protecci\u00f3n Ambiental (Senpa) mostraron su entrenamiento y equipamiento para cumplir con la misi\u00f3n de garantizar la protecci\u00f3n de sus espacios de responsabilidad.<\/p>\n<p style=\"text-align: justify;\">En la parada tambi\u00e9n participaron militares de las Fuerzas Amadas de Colombia y una escuadra del Ej\u00e9rcito de Guatemala y cadetes de las Fuerzas Armadas de los Estados Unidos Mexicanos, en una muestra de hermandad entre naciones, quienes dieron paso a las ambulancias ensambladas por la industria militar dominicana.<\/p>\n<p style=\"text-align: justify;\">Flanqueados por la banda de m\u00fasica, hicieron entrada los miembros del Ej\u00e9rcito de Rep\u00fablica Dominicana encabezados por los cadetes de la Academia Militar <em>\u201cBatalla de las Carreras\u201d<\/em>, cuyo batall\u00f3n de armas mostr\u00f3 sus habilidades al mandatario con su lema<em>: \u00abTodos somos uno\u00bb<\/em>.<\/p>\n<p style=\"text-align: justify;\">A estos los escoltaba la brigada de infanter\u00eda que incluye a la caballer\u00eda de sangre y la caballer\u00eda a\u00e9rea sobrevolaba la costa del mar Caribe mientras la Polic\u00eda Militar pasaba frente al mandatario.<\/p>\n<p style=\"text-align: justify;\">Culminado el paso del Ej\u00e9rcito, el buque escuela Almirante Juan Bautista Cambiaso despleg\u00f3 sus velas y lanz\u00f3 una salva de ca\u00f1ones para saludar al presidente Abinader y anunciar el paso de los efectivos de la Armada de Rep\u00fablica Dominicana, la responsable de salvaguardar las costas dominicanas.<\/p>\n<p style=\"text-align: justify;\">A su paso frente al mandatario y el estado mayor de las Fuerzas Armadas, los cadetes guardamarinas ejecutaron el Manual de Armas en Silencio.<\/p>\n<p style=\"text-align: justify;\">Mientras, unidades de la aeronave TP-75 Dulus, ensamblada en la Fuerza A\u00e9rea de Rep\u00fablica Dominicana, surcaban los cielos junto a los Supertucanos, para anunciar la entrada de los miembros del ej\u00e9rcito del aire al desfile escoltados por los helic\u00f3pteros utilizados para operaciones especiales.<\/p>\n<p style=\"text-align: justify;\">Con su lema <em>\u00abProteger y servir\u00bb,<\/em> y con los acordes de su banda de m\u00fasica hizo su entrada la Policia Nacional con su nueva indumentaria para realizar una mejor labor en la seguridad ciudadana.<\/p>\n<p style=\"text-align: justify;\">A seguidas pasaron frente a la tarima presidencial los miembros de la Polic\u00eda Tur\u00edstica, Escolar, Judicial y de la Direcci\u00f3n General de Seguridad del Tr\u00e1nsito Terrestre (Digesett).<\/p>\n<p style=\"text-align: justify;\">Luego, a paso doble, hicieron su paso las unidades especiales de las Fuerzas Armadas completas, formadas por miembros de los distintos cuerpos militares.<\/p>\n<p style=\"text-align: justify;\">Entre est\u00e1s est\u00e1n Los Macheteros, los Monta\u00f1eros, los Iguaneros, Batall\u00f3n de Comandos, Fuerza de Reacci\u00f3n Presidencial (Furpre), Cimarrones y Cazadores del Ej\u00e9rcito de la Rep\u00fablica Dominicana.<\/p>\n<p style=\"text-align: justify;\">Tambi\u00e9n, infantes y el comando anfibio de la Armada de Rep\u00fablica Dominicana.<\/p>\n<p style=\"text-align: justify;\">Adem\u00e1s, paracaidistas de la Fuerza A\u00e9rea de la Rep\u00fablica Dominicana.<\/p>\n<p style=\"text-align: justify;\">Siguieron los efectivos de Operaciones Especiales, Boinas Grises de la Polic\u00eda Nacional.<\/p>\n<p style=\"text-align: justify;\">El desfile concluy\u00f3 con el paso de elementos de artiller\u00eda del Ej\u00e9rcito y lanchas interceptoras, as\u00ed como unidades de b\u00fasqueda y rescate de la Armada, unidades antia\u00e9reas de la Fuerza A\u00e9rea y, por \u00faltimo, la Unidad Lince de la Polic\u00eda Nacional.<\/p>\n<p><strong>Presentes en el desfile\u00a0<\/strong><\/p>\n<p style=\"text-align: justify;\">Acompa\u00f1aron al presidente Abinader, la primera dama Raquel Arbaje; la vicepresidenta Raquel Pe\u00f1a; el presidente del Senado, Ricardo de los Santos Polanco, y el expresidente de la Rep\u00fablica, Hip\u00f3lito Mejia.<\/p>\n<p style=\"text-align: justify;\">Asimismo, el ministro de Defensa, teniente general Carlos A. Fern\u00e1ndez Onofre; el de la Presidencia, Jos\u00e9 Ignacio Paliza; el administrativo de la Presidencia, Andr\u00e9s Bautista, y de Obras P\u00fablicas y Comunicaciones, Eduardo Estrella; de Industria y Comercio, V\u00edctor Bison\u00f3 Aza; de Interior y Polic\u00eda, Faride Raful, y de la Mujer, Mayra Jim\u00e9nez, junto con la procuradora general de la Rep\u00fablica, Yeni Berenice Reynoso.<\/p>\n<p style=\"text-align: justify;\">Tambi\u00e9n, el viceministro de Defensa para Asuntos Militares, mayor general Miguel \u00c1ngel Rubio B\u00e1ez, ERD; para Asuntos Navales y Costeros, vicealmirante Ram\u00f3n Gustavo Betances Hern\u00e1ndez, ARD; para Asuntos A\u00e9reos y Espaciales, mayor general Carlos R. Febrillet Rodr\u00edguez, FARD, y el inspector general de las Fuerzas Armadas, general de brigada, Delio B. Col\u00f3n Rosario, ERD.<\/p>\n<p style=\"text-align: justify;\">Adem\u00e1s, el comandante general del Ej\u00e9rcito, mayor general Jorge Iv\u00e1n Camino P\u00e9rez, ERD; de la Armada, vicealmirante Agust\u00edn Alberto Morillo Rodr\u00edguez, y el de la Fuerza A\u00e9rea, general de brigada piloto Floreal Tarcicio Su\u00e1rez Mart\u00ednez, FARD; acompa\u00f1ados del presidente de la Direcci\u00f3n Nacional de Control de Drogas (DNCD), vicealmirante Jos\u00e9 M. Cabrera Ulloa, y el director general de la Polic\u00eda, mayor general Ram\u00f3n Antonio Guzm\u00e1n Peralta.<\/p>\n<p>&nbsp;<\/p>\n<p>Fuente: Presidencia RD<\/p>\n","protected":false},"excerpt":{"rendered":"<p>Por Felix Rubio Santo Domingo.- El presidente Luis Abinader encabez\u00f3 el desfile militar en conmemoraci\u00f3n<\/p>\n","protected":false},"author":1,"featured_media":40570,"comment_status":"open","ping_status":"open","sticky":false,"template":"","format":"standard","meta":{"footnotes":""},"categories":[7],"tags":[],"class_list":["post-40569","post","type-post","status-publish","format-standard","has-post-thumbnail","hentry","category-nacionales"],"_links":{"self":[{"href":"https:\/\/defrentealaverdad.com\/index.php\/wp-json\/wp\/v2\/posts\/40569","targetHints":{"allow":["GET"]}}],"collection":[{"href":"https:\/\/defrentealaverdad.com\/index.php\/wp-json\/wp\/v2\/posts"}],"about":[{"href":"https:\/\/defrentealaverdad.com\/index.php\/wp-json\/wp\/v2\/types\/post"}],"author":[{"embeddable":true,"href":"https:\/\/defrentealaverdad.com\/index.php\/wp-json\/wp\/v2\/users\/1"}],"replies":[{"embeddable":true,"href":"https:\/\/defrentealaverdad.com\/index.php\/wp-json\/wp\/v2\/comments?post=40569"}],"version-history":[{"count":1,"href":"https:\/\/defrentealaverdad.com\/index.php\/wp-json\/wp\/v2\/posts\/40569\/revisions"}],"predecessor-version":[{"id":40571,"href":"https:\/\/defrentealaverdad.com\/index.php\/wp-json\/wp\/v2\/posts\/40569\/revisions\/40571"}],"wp:featuredmedia":[{"embeddable":true,"href":"https:\/\/defrentealaverdad.com\/index.php\/wp-json\/wp\/v2\/media\/40570"}],"wp:attachment":[{"href":"https:\/\/defrentealaverdad.com\/index.php\/wp-json\/wp\/v2\/media?parent=40569"}],"wp:term":[{"taxonomy":"category","embeddable":true,"href":"https:\/\/defrentealaverdad.com\/index.php\/wp-json\/wp\/v2\/categories?post=40569"},{"taxonomy":"post_tag","embeddable":true,"href":"https:\/\/defrentealaverdad.com\/index.php\/wp-json\/wp\/v2\/tags?post=40569"}],"curies":[{"name":"wp","href":"https:\/\/api.w.org\/{rel}","templated":true}]}}