{"id":40549,"date":"2025-02-27T21:37:07","date_gmt":"2025-02-27T21:37:07","guid":{"rendered":"https:\/\/defrentealaverdad.com\/?p=40549"},"modified":"2025-02-28T00:37:18","modified_gmt":"2025-02-28T00:37:18","slug":"welnel-feliz-relata-las-vicisitudes-del-27-de-febrero-de-1844-en-el-museo-nacional-de-historia-y-geografia","status":"publish","type":"post","link":"https:\/\/defrentealaverdad.com\/index.php\/2025\/02\/27\/welnel-feliz-relata-las-vicisitudes-del-27-de-febrero-de-1844-en-el-museo-nacional-de-historia-y-geografia\/","title":{"rendered":"Welnel F\u00e9liz relata las \u201cVicisitudes del 27 de Febrero de 1844\u201d, en el Museo Nacional de Historia y Geograf\u00eda"},"content":{"rendered":"<p style=\"text-align: justify;\"><strong>Santo Domingo.- <\/strong>Con motivo del Mes de la Patria, directivos del Museo Nacional de Historia y Geograf\u00eda (MNHG) realizaron la conferencia \u201cVicisitudes del 27 de Febrero de 1844\u201d, a cargo del historiador Welnel F\u00e9liz, en la Sala de Conferencias Vitilio Alfau Dur\u00e1n, de la instituci\u00f3n muse\u00edstica.<\/p>\n<p style=\"text-align: justify;\">Las palabras de bienvenida fueron pronunciadas por el director del Museo, Jos\u00e9 G. Guerrero S\u00e1nchez, quien destac\u00f3 que el tema fue elegido a prop\u00f3sito de la conmemoraci\u00f3n del 181 aniversario de la Independencia Nacional para tratar aspectos menos conocidos de ese episodio hist\u00f3rico.<\/p>\n<p style=\"text-align: justify;\">A seguidas, Carlos And\u00fajar, director general de Museos, manifest\u00f3 su satisfacci\u00f3n, al momento que felicit\u00f3 al director del Museo y su equipo, por el activo programa educativo que realiza para la difusi\u00f3n de la historia y el cumplimiento de las metas presidenciales.<\/p>\n<p style=\"text-align: justify;\">Posteriormente, F\u00e9liz resalt\u00f3 que <em>\u201cel tema de fondo que tratar\u00e9, la independencia dominicana, es uno de los m\u00e1s abordados por la historiograf\u00eda nacional y no es para menos, pues a partir del 27 de febrero de 1844 el pueblo dominicano comenz\u00f3 a configurar lo que hoy somos como comunidad pol\u00edtica y como Estado\u201d.<\/em><\/p>\n<p style=\"text-align: justify;\">Agreg\u00f3 que tomando en cuenta la fecha no pudo ser m\u00e1s actual el tema elegido, ya que <em>\u201cnuestra historiograf\u00eda, en parte rom\u00e1ntica, dram\u00e1tica, en parte pesimista, en parte determinista, en parte fatalista, isle\u00f1a y estatista, de forma dilatada, navega constantemente entre el idealismo, la oralidad, la falta de documentaci\u00f3n y de objetividad\u201d.<\/em><\/p>\n<p style=\"text-align: justify;\">El tema central de su exposici\u00f3n, aunque fue sobre la independencia, pero no basado en consideraciones generales de su proceso, sino m\u00e1s bien fundamentado en los avatares padecidos por los dominicanos para unificar las voluntades que la hicieron posible, su proclamaci\u00f3n, sostenimiento, aprovisionamiento de armas y alimentos del ej\u00e9rcito, las necesidades econ\u00f3micas y situaciones sociales que tuvieron que sortear los dominicanos entre los a\u00f1os 1843 y 1844.<\/p>\n<blockquote>\n<p style=\"text-align: justify;\">\u201cSi bien la concreci\u00f3n fue en extremo, las ideas lo fueron m\u00e1s, as\u00ed como conciliar la estabilidad de sectores de la vida social y econ\u00f3mica nacional\u201d, consider\u00f3.<\/p>\n<\/blockquote>\n<p style=\"text-align: justify;\">Para F\u00e9liz, el 27 de febrero de 1844 se proclam\u00f3 la independencia nacional y fue un acontecimiento singular, pol\u00edticamente extraordinario, pues permiti\u00f3 ese d\u00eda que surgiera la Rep\u00fablica Dominicana.<\/p>\n<blockquote>\n<p style=\"text-align: justify;\">\u201cEs eufem\u00edstico considerar que los dominicanos abrieron sus ojos al republicanismo despu\u00e9s de adoctrinamientos que procuraban la independencia en los \u00faltimos a\u00f1os de la d\u00e9cada de 1830 y los inicios de 1840. En realidad, el pa\u00eds transitaba en las telara\u00f1as de las ideas nacionalistas, independentistas y autonomistas desde hac\u00eda casi medio siglo\u201d, revel\u00f3.<\/p>\n<\/blockquote>\n<p style=\"text-align: justify;\">El Museo Nacional de Historia y Geograf\u00eda (MNHG), ubicado en la Plaza de la Cultura Juan Pablo Duarte, en Santo Domingo, est\u00e1 abierto al p\u00fablico de martes a domingo, en horario de 10:00 a. m. a 6:00 p. m. Para mayor informaci\u00f3n pueden acceder a su perfil de Instagram: @museohistoriaygeografiard.<\/p>\n<p><strong>Sobre el historiador<\/strong><\/p>\n<p style=\"text-align: justify;\">Welnel Dario F\u00e9liz, oriundo de Cabral, provincia Barahona, se ha destacado como abogado, historiador y catedr\u00e1tico universitario. Ha impartido c\u00e1tedra en las universidades O&amp;M y PUCMM, as\u00ed como en el Instituto de Formaci\u00f3n Diplom\u00e1tica y Consular INESDYC, del Ministerio de Relaciones Exteriores.<\/p>\n<p style=\"text-align: justify;\">Tambi\u00e9n se ha desempe\u00f1ado como Director de Revisi\u00f3n de T\u00e9cnicas Legislativas del Senado de la Rep\u00fablica. En la actualidad es miembro de n\u00famero de la Academia de Historia de la Rep\u00fablica Dominicana.<\/p>\n<p style=\"text-align: justify;\">Entre sus publicaciones se destacan: \u201cHistoria de los cambios de nombres de pueblos en la Rep\u00fablica Dominicana\u201d, \u00abDivisi\u00f3n pol\u00edtico-territorial dominicana (1944-2004)\u00bb, \u201cHistoria de Barahona 1801-1900\u201d. Recientemente gan\u00f3 el Premio Anual de Historia 2022, que otorga el Ministerio de Cultura, gracias a su obra \u201cAnexi\u00f3n y Restauraci\u00f3n en el Suroeste\u201d.<\/p>\n<p>&nbsp;<\/p>\n<p>Fuente: RR. PP. &#8211; MNHG<\/p>\n","protected":false},"excerpt":{"rendered":"<p>Santo Domingo.- Con motivo del Mes de la Patria, directivos del Museo Nacional de Historia<\/p>\n","protected":false},"author":4,"featured_media":40550,"comment_status":"open","ping_status":"open","sticky":false,"template":"","format":"standard","meta":{"footnotes":""},"categories":[245],"tags":[],"class_list":["post-40549","post","type-post","status-publish","format-standard","has-post-thumbnail","hentry","category-cultura"],"_links":{"self":[{"href":"https:\/\/defrentealaverdad.com\/index.php\/wp-json\/wp\/v2\/posts\/40549","targetHints":{"allow":["GET"]}}],"collection":[{"href":"https:\/\/defrentealaverdad.com\/index.php\/wp-json\/wp\/v2\/posts"}],"about":[{"href":"https:\/\/defrentealaverdad.com\/index.php\/wp-json\/wp\/v2\/types\/post"}],"author":[{"embeddable":true,"href":"https:\/\/defrentealaverdad.com\/index.php\/wp-json\/wp\/v2\/users\/4"}],"replies":[{"embeddable":true,"href":"https:\/\/defrentealaverdad.com\/index.php\/wp-json\/wp\/v2\/comments?post=40549"}],"version-history":[{"count":1,"href":"https:\/\/defrentealaverdad.com\/index.php\/wp-json\/wp\/v2\/posts\/40549\/revisions"}],"predecessor-version":[{"id":40551,"href":"https:\/\/defrentealaverdad.com\/index.php\/wp-json\/wp\/v2\/posts\/40549\/revisions\/40551"}],"wp:featuredmedia":[{"embeddable":true,"href":"https:\/\/defrentealaverdad.com\/index.php\/wp-json\/wp\/v2\/media\/40550"}],"wp:attachment":[{"href":"https:\/\/defrentealaverdad.com\/index.php\/wp-json\/wp\/v2\/media?parent=40549"}],"wp:term":[{"taxonomy":"category","embeddable":true,"href":"https:\/\/defrentealaverdad.com\/index.php\/wp-json\/wp\/v2\/categories?post=40549"},{"taxonomy":"post_tag","embeddable":true,"href":"https:\/\/defrentealaverdad.com\/index.php\/wp-json\/wp\/v2\/tags?post=40549"}],"curies":[{"name":"wp","href":"https:\/\/api.w.org\/{rel}","templated":true}]}}