{"id":40537,"date":"2025-02-26T20:18:50","date_gmt":"2025-02-26T20:18:50","guid":{"rendered":"https:\/\/defrentealaverdad.com\/?p=40537"},"modified":"2025-02-28T00:21:19","modified_gmt":"2025-02-28T00:21:19","slug":"andy-rodriguez-duran-embajador-en-arabia-saudita-habla-de-las-relaciones-bilaterales-en-fiestas-y-personalidades","status":"publish","type":"post","link":"https:\/\/defrentealaverdad.com\/index.php\/2025\/02\/26\/andy-rodriguez-duran-embajador-en-arabia-saudita-habla-de-las-relaciones-bilaterales-en-fiestas-y-personalidades\/","title":{"rendered":"Andy Rodr\u00edguez Dur\u00e1n, embajador en Arabia Saudita habla de las relaciones bilaterales en Fiestas y Personalidades"},"content":{"rendered":"<blockquote>\n<p style=\"text-align: justify;\">El diplom\u00e1tico destaca el potencial de fortalecer los lazos comerciales entre Rep\u00fablica Dominicana y Medio Oriente. Conversaremos con Victoria Apolinario sobre la primera edici\u00f3n de la Muestra Karibe dedicada a las narrativas del Caribe insular.<\/p>\n<\/blockquote>\n<p style=\"text-align: justify;\">Santo Domingo, febrero 2025. En una entrevista exclusiva para el programa Fiestas y Personalidades, el embajador dominicano en Arabia Saudita, Andy Rodr\u00edguez Dur\u00e1n, destac\u00f3 que este es el momento ideal para fortalecer las relaciones comerciales y diplom\u00e1ticas entre Rep\u00fablica Dominicana y los pa\u00edses de Medio Oriente.<\/p>\n<blockquote>\n<p style=\"text-align: justify;\">\u201cArabia Saudita es un pa\u00eds que se est\u00e1 abriendo al turismo y a los negocios internacionales, por lo que este es un buen momento para estrechar relaciones entre ambos pa\u00edses\u201d, se\u00f1al\u00f3 Rodr\u00edguez Dur\u00e1n, quien adem\u00e1s enfatiz\u00f3 la importancia de aprovechar las oportunidades que ofrece ese mercado en expansi\u00f3n.<\/p>\n<\/blockquote>\n<p style=\"text-align: justify;\">El diplom\u00e1tico, quien, represent\u00f3 al pa\u00eds en la segunda edici\u00f3n del Saudi Travel Market en Riad, y en las celebraciones del 181 aniversario de la independencia dominicana, compartir\u00e1 con Yenny Polanco Lovera y su audiencia detalles de su trayectoria profesional marcada por su pasi\u00f3n por la diplomacia. Rodr\u00edguez Dur\u00e1n es egresado de la Escuela del Ministerio de Relaciones Exteriores del Reino de Espa\u00f1a, con un m\u00e1ster en Diplomacia y Relaciones Internacionales.<\/p>\n<p style=\"text-align: justify;\">A la fecha, el embajador ha desempe\u00f1ado funciones en el servicio exterior de Rep\u00fablica Dominicana en pa\u00edses como Egipto y Marruecos, y ahora en Arabia Saudita.<\/p>\n<p style=\"text-align: justify;\">En este programa especial rumbo al vig\u00e9simo aniversario de Fiestas y Personalidades, el embajador Rodr\u00edguez Dur\u00e1n dijo que su formaci\u00f3n y dedicaci\u00f3n le han permitido cumplir sus metas y representar al pa\u00eds con gran compromiso.<\/p>\n<p style=\"text-align: justify;\">El contenido de esta semana tambi\u00e9n incluye detalles de la presentaci\u00f3n de la obra Cuentos de guardia: Relatos Ver\u00eddicos, autor\u00eda del exministro de Defensa y Mayor General Retirado, Jos\u00e9 Miguel Soto Jim\u00e9nez.<\/p>\n<p style=\"text-align: justify;\">Kosaky Suberv\u00ed y Mar\u00eda Mercedes estuvieron en la rueda de prensa de la primera edici\u00f3n de la Muestra Karibe, y conversaron con su directora, Victoria Apolinario, quien inform\u00f3 que este evento de cine de no ficci\u00f3n dedicado a las narrativas del Caribe insular y sus di\u00e1sporas se llevar\u00e1 a cabo del 6 al 9 de marzo en la Cinemateca Dominicana y otros espacios del Gran Santo Domingo<\/p>\n<p style=\"text-align: justify;\">Finalmente, el programa ofrecer\u00e1 un recorrido s\u00faper interesante con Salvador Batista, quien mostrar\u00e1 el lado m\u00e1s ambiental del turismo, resaltando la importancia de las pr\u00e1cticas sostenibles en el desarrollo de la industria tur\u00edstica.<\/p>\n<p>&nbsp;<\/p>\n<p>Fuente: Yenny Polanco Lovera<\/p>\n","protected":false},"excerpt":{"rendered":"<p>El diplom\u00e1tico destaca el potencial de fortalecer los lazos comerciales entre Rep\u00fablica Dominicana y Medio<\/p>\n","protected":false},"author":4,"featured_media":40539,"comment_status":"open","ping_status":"open","sticky":false,"template":"","format":"standard","meta":{"footnotes":""},"categories":[7],"tags":[],"class_list":["post-40537","post","type-post","status-publish","format-standard","has-post-thumbnail","hentry","category-nacionales"],"_links":{"self":[{"href":"https:\/\/defrentealaverdad.com\/index.php\/wp-json\/wp\/v2\/posts\/40537","targetHints":{"allow":["GET"]}}],"collection":[{"href":"https:\/\/defrentealaverdad.com\/index.php\/wp-json\/wp\/v2\/posts"}],"about":[{"href":"https:\/\/defrentealaverdad.com\/index.php\/wp-json\/wp\/v2\/types\/post"}],"author":[{"embeddable":true,"href":"https:\/\/defrentealaverdad.com\/index.php\/wp-json\/wp\/v2\/users\/4"}],"replies":[{"embeddable":true,"href":"https:\/\/defrentealaverdad.com\/index.php\/wp-json\/wp\/v2\/comments?post=40537"}],"version-history":[{"count":1,"href":"https:\/\/defrentealaverdad.com\/index.php\/wp-json\/wp\/v2\/posts\/40537\/revisions"}],"predecessor-version":[{"id":40540,"href":"https:\/\/defrentealaverdad.com\/index.php\/wp-json\/wp\/v2\/posts\/40537\/revisions\/40540"}],"wp:featuredmedia":[{"embeddable":true,"href":"https:\/\/defrentealaverdad.com\/index.php\/wp-json\/wp\/v2\/media\/40539"}],"wp:attachment":[{"href":"https:\/\/defrentealaverdad.com\/index.php\/wp-json\/wp\/v2\/media?parent=40537"}],"wp:term":[{"taxonomy":"category","embeddable":true,"href":"https:\/\/defrentealaverdad.com\/index.php\/wp-json\/wp\/v2\/categories?post=40537"},{"taxonomy":"post_tag","embeddable":true,"href":"https:\/\/defrentealaverdad.com\/index.php\/wp-json\/wp\/v2\/tags?post=40537"}],"curies":[{"name":"wp","href":"https:\/\/api.w.org\/{rel}","templated":true}]}}