{"id":40534,"date":"2025-02-26T00:12:47","date_gmt":"2025-02-26T00:12:47","guid":{"rendered":"https:\/\/defrentealaverdad.com\/?p=40534"},"modified":"2025-02-28T00:17:31","modified_gmt":"2025-02-28T00:17:31","slug":"deligne-ascencion-destaca-la-transparencia-y-confianza-de-sus-colaboradores","status":"publish","type":"post","link":"https:\/\/defrentealaverdad.com\/index.php\/2025\/02\/26\/deligne-ascencion-destaca-la-transparencia-y-confianza-de-sus-colaboradores\/","title":{"rendered":"Deligne Ascenci\u00f3n destaca la transparencia y confianza de sus colaboradores"},"content":{"rendered":"<p style=\"text-align: justify;\">Santo Domingo .- El ministro de Obras P\u00fablicas y Comunicaciones, Deligne Ascenci\u00f3n Burgos, quien es relevado este jueves por Eduardo Estrella como ministro de Obras P\u00fablicas y Comunicaciones, resumi\u00f3 su gesti\u00f3n agosto 2020 &#8211; febrero 2025 en una \u00faltima entrevista concedida en esas funciones. Destac\u00f3 que la transparencia y confianza, la descentralizaci\u00f3n y eficiencia de su equipo de colaboradores y los contratistas que le sirvieron fueron los pilares de un per\u00edodo que alcanz\u00f3 registros r\u00e9cords. Asimismo, agradeci\u00f3 a Dios, al presidente Luis Abinader y a su partido la oportunidad de servirle al pueblo desde ese ministerio.<\/p>\n<p style=\"text-align: justify;\">Expuso que, a diferencia de gobiernos anteriores que concentraron la mayor parte de la infraestructura vial en el Distrito Nacional, la gesti\u00f3n del presidente Luis Abinader llev\u00f3 la inversi\u00f3n p\u00fablica y el desarrollo a las diferentes regiones, provincias y zonas del pa\u00eds.<\/p>\n<blockquote>\n<p style=\"text-align: justify;\">\u00a0\u201cEl criterio existente hasta entonces era el de construir para lograr altos r\u00e9ditos pol\u00edticos en los grandes centros urbanos, y se ten\u00eda abandonados los pueblos del interior\u201d, explic\u00f3.<\/p>\n<\/blockquote>\n<p style=\"text-align: justify;\">Tambi\u00e9n destac\u00f3 los niveles de transparencia que aplic\u00f3 en ese ministerio, como parte de la impronta que est\u00e1n dejando al pa\u00eds el presidente Luis Abinader y el gobierno del Partido Revolucionario Moderno (PRM) y aliados.<\/p>\n<p style=\"text-align: justify;\">Cit\u00f3 que, pese a recibir el pa\u00eds en plena pandemia de COVID-19 y pr\u00e1cticamente paralizado, su gesti\u00f3n sum\u00f3 587 obras construidas, m\u00e1s de 11 por mes, y m\u00e1s de 60 en ejecuci\u00f3n, algunas a semanas y meses de inauguraci\u00f3n.<\/p>\n<p style=\"text-align: justify;\">Estas obras fueron adjudicadas en 993 procesos de compras y contrataciones, sin impugnaci\u00f3n alguna, con miles de oferentes, m\u00e1s de 500 adjudicatarios diferentes y un monto superior a RD$63,286,249,368.12.<\/p>\n<p style=\"text-align: justify;\">Adem\u00e1s, la cantidad de contratistas pas\u00f3 de 69 a 450, democratizando el acceso a oportunidades y beneficiando a una mayor cantidad de empresas.<\/p>\n<p style=\"text-align: justify;\">Las obras ejecutadas y en proceso de ejecuci\u00f3n en las 31 provincias y el Distrito Nacional est\u00e1n disponibles en el portal de la instituci\u00f3n, permitiendo al p\u00fablico constatar detalles de ubicaci\u00f3n, inversi\u00f3n, empresa contratista, estado de la obra y otros aspectos.<\/p>\n<p><strong>Confianza fue la clave<\/strong><\/p>\n<p style=\"text-align: justify;\">Esa matriz de democratizaci\u00f3n y transparencia en el ministerio gener\u00f3 un alto nivel de confianza por parte de los proveedores, como la Asociaci\u00f3n de Peque\u00f1os y Medianos Empresarios, que testimoniaron su gratitud por las oportunidades brindadas a cientos de ellos al participar en concursos de obras.<\/p>\n<blockquote>\n<p style=\"text-align: justify;\">\u201cLo mismo que la Asociaci\u00f3n de Productores de Asfalto, que en el d\u00eda de hoy le har\u00eda un reconocimiento por iguales razones, as\u00ed como decenas y decenas de profesionales, que fueron parte de una sinergia de confianza y credibilidad que contribuyeron con la gran obra que pudimos realizar junto a nuestros viceministros, directores, empleados y trabajadores\u201d, resumi\u00f3.<\/p>\n<\/blockquote>\n<p style=\"text-align: justify;\">Expuso que esa confianza generada por el MOPC alcanz\u00f3 hasta los agentes econ\u00f3micos del pa\u00eds, que acogieron con entusiasmo la primera emisi\u00f3n de bonos a trav\u00e9s del Fideicomiso RD-Vial. De unos RD$22,000 millones colocados, se recibieron ofertas por RD$51,000 millones, alcanzando un total cercano a RD$40,000 millones.<\/p>\n<p style=\"text-align: justify;\">En una especie de breve rendici\u00f3n de cuentas, Ascenci\u00f3n Burgos dijo que su gesti\u00f3n se caracteriz\u00f3 por darle continuidad a los contratos encontrados y ce\u00f1ir los nuevos a los requisitos de la Ley de Compras y Contrataciones P\u00fablicas, con licitaciones que promedian de 3 a 6 meses.<\/p>\n<p style=\"text-align: justify;\">La prol\u00edfica cantidad de obras del MOPC fue un factor clave en la reactivaci\u00f3n de la econom\u00eda nacional y las econom\u00edas locales, afectadas por la paralizaci\u00f3n provocada por la pandemia y los efectos de la guerra en Ucrania.<\/p>\n<p style=\"text-align: justify;\">Expuso que de 755 proyectos en las 31 provincias y el Distrito Nacional, se ejecutaron 590, alcanzando un 78% de cumplimiento. Esto equivale a m\u00e1s de 11 obras por mes (y m\u00e1s de 2.75 por semana) con una inversi\u00f3n superior a RD$120,000 millones.<\/p>\n<p style=\"text-align: justify;\">Al ser preguntado sobre las obras m\u00e1s importantes de su gesti\u00f3n, inform\u00f3 que el pasado domingo fue inaugurada la Ciudad Judicial de la provincia de Santo Domingo, la edificaci\u00f3n p\u00fablica m\u00e1s grande construida en el pa\u00eds, con 46,000 metros cuadrados. Este espacio alojar\u00e1 la representaci\u00f3n de la Suprema Corte de Justicia, el Ministerio P\u00fablico y la Defensor\u00eda P\u00fablica, consolid\u00e1ndose como una obra de gran trascendencia institucional.<\/p>\n<p style=\"text-align: justify;\">Sin embargo, en horas de la ma\u00f1ana del mismo d\u00eda fueron inaugurados 23 kil\u00f3metros de carretera en comunidades de R\u00edo San Juan y Copeyito, resaltando que para los moradores de esa zona, esta obra tiene una importancia mayor que la Ciudad Judicial.<\/p>\n<p style=\"text-align: justify;\">Asimismo, la pasada semana se inaugur\u00f3 la extensi\u00f3n de la Avenida Ecol\u00f3gica, que ahora enlaza Santo Domingo Este con el puerto Multimodal Caucedo, adem\u00e1s de conectar con las regiones Norte y Sur a trav\u00e9s de la Circunvalaci\u00f3n de Santo Domingo, y con el Nordeste mediante la autopista a Saman\u00e1.<\/p>\n<blockquote>\n<p style=\"text-align: justify;\">\u201cLa importancia de las obras es muy relativa, pues cada comunidad o sector tiene la suya entre las m\u00e1s importantes, la que m\u00e1s directamente los beneficia\u201d<\/p>\n<\/blockquote>\n<p style=\"text-align: justify;\">Con esta declaraci\u00f3n afirm\u00f3, destacando que la interconexi\u00f3n de las diferentes regiones, provincias y polos de desarrollo econ\u00f3mico y tur\u00edstico es fundamental para el pa\u00eds<\/p>\n<blockquote>\n<p style=\"text-align: justify;\">\u201cLuis terminar\u00e1 mejor y el PRM m\u00e1s cohesionado\u201d<\/p>\n<\/blockquote>\n<p style=\"text-align: justify;\">Al referirse al futuro del PRM en las pr\u00f3ximas elecciones, Ascenci\u00f3n Burgos, quien tambi\u00e9n es secretario de Organizaci\u00f3n del partido de gobierno, expres\u00f3 que en t\u00e9rminos de sus relaciones y fortalecimiento institucional, el presidente Luis Abinader concluir\u00e1 mejor que la bien valorada gesti\u00f3n que ha llevado hasta ahora.<\/p>\n<blockquote>\n<p style=\"text-align: justify;\">\u201cY alrededor de esa exitosa gesti\u00f3n y de la figura partidaria que ostente la candidatura presidencial, se cohesionar\u00e1 todo el partido para garantizarnos la victoria en 2028 en los tres niveles de elecci\u00f3n, como ocurri\u00f3 en 2020 y 2024\u201d, manifest\u00f3.<\/p>\n<\/blockquote>\n<p style=\"text-align: justify;\">Preguntado sobre su futuro, dijo que continuar\u00e1 su vocaci\u00f3n de servicio al pa\u00eds y al PRM, que han marcado su trayectoria, y se mostr\u00f3 muy optimista sobre su carrera pol\u00edtica.<\/p>\n<p>Fuente: Prensa MOPC<\/p>\n","protected":false},"excerpt":{"rendered":"<p>Santo Domingo .- El ministro de Obras P\u00fablicas y Comunicaciones, Deligne Ascenci\u00f3n Burgos, quien es<\/p>\n","protected":false},"author":1,"featured_media":40535,"comment_status":"open","ping_status":"open","sticky":false,"template":"","format":"standard","meta":{"footnotes":""},"categories":[7],"tags":[],"class_list":["post-40534","post","type-post","status-publish","format-standard","has-post-thumbnail","hentry","category-nacionales"],"_links":{"self":[{"href":"https:\/\/defrentealaverdad.com\/index.php\/wp-json\/wp\/v2\/posts\/40534","targetHints":{"allow":["GET"]}}],"collection":[{"href":"https:\/\/defrentealaverdad.com\/index.php\/wp-json\/wp\/v2\/posts"}],"about":[{"href":"https:\/\/defrentealaverdad.com\/index.php\/wp-json\/wp\/v2\/types\/post"}],"author":[{"embeddable":true,"href":"https:\/\/defrentealaverdad.com\/index.php\/wp-json\/wp\/v2\/users\/1"}],"replies":[{"embeddable":true,"href":"https:\/\/defrentealaverdad.com\/index.php\/wp-json\/wp\/v2\/comments?post=40534"}],"version-history":[{"count":1,"href":"https:\/\/defrentealaverdad.com\/index.php\/wp-json\/wp\/v2\/posts\/40534\/revisions"}],"predecessor-version":[{"id":40536,"href":"https:\/\/defrentealaverdad.com\/index.php\/wp-json\/wp\/v2\/posts\/40534\/revisions\/40536"}],"wp:featuredmedia":[{"embeddable":true,"href":"https:\/\/defrentealaverdad.com\/index.php\/wp-json\/wp\/v2\/media\/40535"}],"wp:attachment":[{"href":"https:\/\/defrentealaverdad.com\/index.php\/wp-json\/wp\/v2\/media?parent=40534"}],"wp:term":[{"taxonomy":"category","embeddable":true,"href":"https:\/\/defrentealaverdad.com\/index.php\/wp-json\/wp\/v2\/categories?post=40534"},{"taxonomy":"post_tag","embeddable":true,"href":"https:\/\/defrentealaverdad.com\/index.php\/wp-json\/wp\/v2\/tags?post=40534"}],"curies":[{"name":"wp","href":"https:\/\/api.w.org\/{rel}","templated":true}]}}