{"id":40522,"date":"2025-02-26T23:57:49","date_gmt":"2025-02-26T23:57:49","guid":{"rendered":"https:\/\/defrentealaverdad.com\/?p=40522"},"modified":"2025-02-27T23:59:45","modified_gmt":"2025-02-27T23:59:45","slug":"do-sostenible-esta-trabajando-para-la-eliminar-de-los-vertederos-a-cielo-abierto-de-rd","status":"publish","type":"post","link":"https:\/\/defrentealaverdad.com\/index.php\/2025\/02\/26\/do-sostenible-esta-trabajando-para-la-eliminar-de-los-vertederos-a-cielo-abierto-de-rd\/","title":{"rendered":"DO Sostenible est\u00e1 trabajando para la eliminar de los vertederos a cielo abierto de RD"},"content":{"rendered":"<p style=\"text-align: justify;\">Santo Domingo RD. El director del Fideicomiso P\u00fablico Privado para la Gesti\u00f3n Integral de Residuos S\u00f3lidos (DO Sostenible) que coordina Pr\u00edamo Ram\u00edrez, asegur\u00f3 que se est\u00e1 trabajando para el cierre de todos los vertederos a cielo abierto del pa\u00eds.<\/p>\n<p style=\"text-align: justify;\">Ram\u00edrez dijo que asumi\u00f3 este trabajo como mucha responsabilidad y desde que se posicion\u00f3 tom\u00f3 un estudio de una entidad internacional, donde indica que en el pa\u00eds existen m\u00e1s de 240 vertederos a cielo abierto, sin ning\u00fan tipo de control, provocando contaminaci\u00f3n al medioambiente y da\u00f1o a la salud del pueblo dominicano.<\/p>\n<p style=\"text-align: justify;\">Est\u00e1 investigando dio a conocer que de esta cantidad de vertederos s\u00f3lo cinco est\u00e1n funcionando de manera correcta en el pa\u00eds, agrega que se concluy\u00f3 el cierre t\u00e9cnico del vertedero de Cancino y se avanza en la construcci\u00f3n de una nueva Estaci\u00f3n de Transferencia.<\/p>\n<p style=\"text-align: justify;\">Explic\u00f3 que este proyecto tienen un impacto positivo en la zona, sus comunidades y las m\u00e1s de 1,181,113 personas de la regi\u00f3n, al disminuir considerablemente los riesgos de contaminaci\u00f3n y los problemas de salud relacionados con la exposici\u00f3n a desechos mal gestionados.<\/p>\n<p><strong>Estaci\u00f3n de Transferencia\u00a0<\/strong><\/p>\n<p style=\"text-align: justify;\">Es una infraestructura clave en la gesti\u00f3n de residuos s\u00f3lidos que act\u00faa como intermediaria entre las zonas de recolecci\u00f3n y las instalaciones de procesamiento o disposici\u00f3n final, como plantas de reciclaje o rellenos sanitarios.<\/p>\n<p style=\"text-align: justify;\">Estas estaciones tienen la funci\u00f3n de estabilizar y consolidar los residuos recogidos para optimizar el transporte, reduciendo costos operativos y minimizando el impacto ambiental mediante la disminuci\u00f3n de emisiones contaminantes.<\/p>\n<p style=\"text-align: justify;\">El funcionario agradeci\u00f3 el apoyo que ha recibido del sector empresarial ligada al Procesamiento y Gesti\u00f3n de Residuos S\u00f3lidos, tambi\u00e9n a la Federaci\u00f3n Dominicana de Municipios (Fedomu) as\u00ed como la Liga Municipal Dominicana (LMD) y todos los alcaldes del pa\u00eds para buscarle la soluci\u00f3n a los vertederos a cielo abierto del pa\u00eds.<\/p>\n<p>Fuente: DO Sostenible<\/p>\n","protected":false},"excerpt":{"rendered":"<p>Santo Domingo RD. El director del Fideicomiso P\u00fablico Privado para la Gesti\u00f3n Integral de Residuos<\/p>\n","protected":false},"author":2,"featured_media":40524,"comment_status":"open","ping_status":"open","sticky":false,"template":"","format":"standard","meta":{"footnotes":""},"categories":[7],"tags":[],"class_list":["post-40522","post","type-post","status-publish","format-standard","has-post-thumbnail","hentry","category-nacionales"],"_links":{"self":[{"href":"https:\/\/defrentealaverdad.com\/index.php\/wp-json\/wp\/v2\/posts\/40522","targetHints":{"allow":["GET"]}}],"collection":[{"href":"https:\/\/defrentealaverdad.com\/index.php\/wp-json\/wp\/v2\/posts"}],"about":[{"href":"https:\/\/defrentealaverdad.com\/index.php\/wp-json\/wp\/v2\/types\/post"}],"author":[{"embeddable":true,"href":"https:\/\/defrentealaverdad.com\/index.php\/wp-json\/wp\/v2\/users\/2"}],"replies":[{"embeddable":true,"href":"https:\/\/defrentealaverdad.com\/index.php\/wp-json\/wp\/v2\/comments?post=40522"}],"version-history":[{"count":1,"href":"https:\/\/defrentealaverdad.com\/index.php\/wp-json\/wp\/v2\/posts\/40522\/revisions"}],"predecessor-version":[{"id":40523,"href":"https:\/\/defrentealaverdad.com\/index.php\/wp-json\/wp\/v2\/posts\/40522\/revisions\/40523"}],"wp:featuredmedia":[{"embeddable":true,"href":"https:\/\/defrentealaverdad.com\/index.php\/wp-json\/wp\/v2\/media\/40524"}],"wp:attachment":[{"href":"https:\/\/defrentealaverdad.com\/index.php\/wp-json\/wp\/v2\/media?parent=40522"}],"wp:term":[{"taxonomy":"category","embeddable":true,"href":"https:\/\/defrentealaverdad.com\/index.php\/wp-json\/wp\/v2\/categories?post=40522"},{"taxonomy":"post_tag","embeddable":true,"href":"https:\/\/defrentealaverdad.com\/index.php\/wp-json\/wp\/v2\/tags?post=40522"}],"curies":[{"name":"wp","href":"https:\/\/api.w.org\/{rel}","templated":true}]}}