{"id":4052,"date":"2023-03-23T16:16:54","date_gmt":"2023-03-23T16:16:54","guid":{"rendered":"https:\/\/defrentealaverdad.com\/?p=4052"},"modified":"2023-03-29T16:20:05","modified_gmt":"2023-03-29T16:20:05","slug":"direccion-de-alianzas-publico-privadas-informa-de-proyectos-en-proceso-de-evaluacion","status":"publish","type":"post","link":"https:\/\/defrentealaverdad.com\/index.php\/2023\/03\/23\/direccion-de-alianzas-publico-privadas-informa-de-proyectos-en-proceso-de-evaluacion\/","title":{"rendered":"Direcci\u00f3n de Alianzas P\u00fablico Privadas informa de proyectos en proceso de evaluaci\u00f3n"},"content":{"rendered":"<div class=\"top-part\">\n<p class=\"bajada\"><em>En el Foro Internacional Especializado \u201cLas APP y su Impacto Social y Econ\u00f3mico en Rep\u00fablica Dominicana\u201d, expertos nacionales e internacionales destacaron las oportunidades que ofrecen las alianzas p\u00fablico-privadas para atraer capital de inversi\u00f3n, local y extranjera, hacia proyectos de inter\u00e9s nacional y para fomentar el desarrollo sostenible.<\/em><\/p>\n<div class=\"autor-share-holder\">\n<div class=\"autor\">\n<p class=\"text-font\">\n<\/div>\n<\/div>\n<\/div>\n<div class=\"article-body-content\">\n<picture class=\"preview-image\"><img decoding=\"async\" class=\"aligncenter lazyload\" data-src=\"https:\/\/acentos3.s3.us-east-2.amazonaws.com\/media\/storage02\/uploads\/2023\/03\/segundo-panel-1-728x410.webp\" data-desktop=\"https:\/\/acentos3.s3.us-east-2.amazonaws.com\/media\/storage02\/uploads\/2023\/03\/segundo-panel-1-728x410.webp\" data-mobile=\"https:\/\/acentos3.s3.us-east-2.amazonaws.com\/media\/storage02\/uploads\/2023\/03\/segundo-panel-1-400x225.webp\" src=\"data:image\/svg+xml;base64,PHN2ZyB3aWR0aD0iMSIgaGVpZ2h0PSIxIiB4bWxucz0iaHR0cDovL3d3dy53My5vcmcvMjAwMC9zdmciPjwvc3ZnPg==\" style=\"--smush-placeholder-width: 728px; --smush-placeholder-aspect-ratio: 728\/410;\" \/><\/picture>\n<p>La\u00a0<strong>Direcci\u00f3n General de Alianzas P\u00fablico Privadas (DGAPP)<\/strong>\u00a0inform\u00f3 que los proyectos en proceso de evaluaci\u00f3n y adjudicaci\u00f3n constituyen una cartera de proyectos de casi 9 billones de d\u00f3lares y el 90% han sido propuestas por los agentes privados.El dato fue ofrecido durante la realizaci\u00f3n del Foro Internacional Especializado \u201cLas APP y su impacto Social y Econ\u00f3mico en Rep\u00fablica Dominicana\u201d, organizado por la Direcci\u00f3n General de Alianzas P\u00fablico Privadas (DGAPP) y el Instituto Tecnol\u00f3gico de Santo Dominico (INTEC), con la participaci\u00f3n de expertos nacionales e internacionales en el tema de las alianzas p\u00fablico-privadas.<\/p>\n<p>El acto de bienvenida al foro estuvo a cargo de la vicerrectora de Administraci\u00f3n y Finanzas y rectora en funciones del INTEC, Alliet Ortega, y del director ejecutivo de la DGAPP, Sigmund Freund, quienes se\u00f1alaron la importancia de propiciar y profundizar el debate acad\u00e9mico respecto temas tan importantes como las APP y las oportunidades que ofrecen al crecimiento social y econ\u00f3mico de pa\u00edses en franco desarrollo como Rep\u00fablica Dominicana.<\/p>\n<p>El director ejecutivo de la DGAPP, Sigmund Freund, al ofrecer las palabras de apertura, destac\u00f3 que las alianzas p\u00fablico-privadas siempre se hab\u00edan generado y se generan en el pa\u00eds de manera natural, pero apunt\u00f3 que \u201cno solo podemos mostrar una instituci\u00f3n robusta, sino que tenemos un portafolio o banco de proyectos con m\u00e1s de 14 iniciativas, algunas en estudio de factibilidad, otras declaradas de inter\u00e9s p\u00fablico, y una en fase de adjudicaci\u00f3n ya declarado\u201d.<\/p>\n<picture class=\"image\">Agreg\u00f3 que desde el 2021 se ejecuta, bajo la figura del fideicomiso y los principios de las APP, el proyecto de Desarrollo Tur\u00edstico de Pedernales en Cabo Rojo, y refiri\u00f3 con satisfacci\u00f3n, que han adjudicado el primer contrato APP para un proyecto de infraestructura, el cual consiste en la rehabilitaci\u00f3n y conversi\u00f3n del puerto Duarte en Arroyo Barril-Saman\u00e1, en una terminal de cruceros y facilitad tur\u00edstica complementaria, \u201cun logro extraordinario para una instituci\u00f3n con apenas dos a\u00f1os y siete meses\u201d, enfatiz\u00f3 Freund.<\/picture>Freund afirm\u00f3 que \u201clos retos y desaf\u00edos de las APP son, sin dudas, mucho menores que los beneficios que est\u00e1n destinadas a ofrecer al desarrollo econ\u00f3mico del pa\u00eds, atrayendo capital privados, nacionales y extranjeros, hacia proyectos p\u00fablicos que sirvan para solucionar problemas, para impulsar el desarrollo y el crecimiento econ\u00f3mico que requiere el pa\u00eds y, sobre todo, para mejorar la calidad de vida del pueblo dominicano.<\/p>\n<p>La vicerrectora de Administraci\u00f3n y Finanzas de INTEC, Alliet Ortega, asegur\u00f3 para INTEC es un honor que un tema tan importante para el desarrollo del pa\u00eds, como es las alianzas p\u00fablico-privada y su impacto social y econ\u00f3mico, se discuta en un foro internacional.<\/p>\n<p>\u201cComo parte de nuestro ADN inteciano, uno de los pilares de la universidad ha sido el aportar al desarrollo de nuestro pa\u00eds, tenemos un convenio firmado con la Direcci\u00f3n de Alianza P\u00fablico-Privada, para fomentar estos temas y de igual manera como academia estamos convencidos de que, la colaboraci\u00f3n entre la academia, el sector privado y el sector p\u00fablico para fomentar lo que es la innovaci\u00f3n y el desarrollo econ\u00f3mico es una necesidad, por esto nuestro compromiso siempre ha sido apostar a esta triple h\u00e9lice\u201d.<\/p>\n<p>Ortega argument\u00f3 que la importancia de esa colaboraci\u00f3n radica en que cada uno de los sectores aporta diferentes habilidades, conocimientos y recursos que son esenciales para impulsar el crecimiento y la competitividad de la sociedad.<\/p>\n<p>\u201cDesde la academia aportamos a la investigaci\u00f3n, al desarrollo de nuevas tecnolog\u00edas y a la formaci\u00f3n de talento humano especializado, mientras que el sector privado aporta al financiamiento de los recursos necesarios para llevar a cabo proyectos innovadores y para comercializar los productos y servicios que se generan a partir de ellos, por su parte, el sector p\u00fablico, en este caso la DGAPP, en lo relativo al tema ofrece el marco regulatorio que incentiva la innovaci\u00f3n y una serie de pol\u00edticas y programas que fomentan la inversi\u00f3n y el desarrollo econ\u00f3mico lo que permitir\u00e1 un mayor desarrollo de la figura en nuestro pa\u00eds\u201d.<\/p>\n<h2>El foro<\/h2>\n<picture class=\"image\"><img decoding=\"async\" class=\"aligncenter lazyload\" data-src=\"https:\/\/acentos3.s3.us-east-2.amazonaws.com\/media\/storage02\/uploads\/2023\/03\/primer-foro--full-728x410.webp\" alt=\"La actividad acad\u00e9mica fue desarrollada en dos paneles moderados por la subdirectora de Promoci\u00f3n de la DGAPP, Izalia L\u00f3pez, el primero sobre \u201cBondades del modelo APP: planificaci\u00f3n y financiaci\u00f3n de proyectos.\u201d, con la participaci\u00f3n del director general de inversi\u00f3n p\u00fablica, Mart\u00edn Franco, y los expertos en materia de APP, Federico Villalobos (Costa Rica) y Rafael Dickson (Rep\u00fablica Dominicana).\" width=\"1106\" height=\"623\" src=\"data:image\/svg+xml;base64,PHN2ZyB3aWR0aD0iMSIgaGVpZ2h0PSIxIiB4bWxucz0iaHR0cDovL3d3dy53My5vcmcvMjAwMC9zdmciPjwvc3ZnPg==\" style=\"--smush-placeholder-width: 1106px; --smush-placeholder-aspect-ratio: 1106\/623;\" \/><\/picture>\n<p>&nbsp;<\/p>\n<picture class=\"image\">La actividad acad\u00e9mica fue desarrollada en dos paneles moderados por la subdirectora de Promoci\u00f3n de la DGAPP, Izalia L\u00f3pez, el primero sobre \u201cBondades del modelo APP: planificaci\u00f3n y financiaci\u00f3n de proyectos.\u201d, con la participaci\u00f3n del director general de inversi\u00f3n p\u00fablica, Mart\u00edn Franco, y los expertos en materia de APP, Federico Villalobos (Costa Rica) y Rafael Dickson (Rep\u00fablica Dominicana).<\/picture>En un segundo panel se abord\u00f3 el caso pr\u00e1ctico \u201cPuerto Duarte: Retos de Estructuraci\u00f3n de Iniciativas Privadas\u201d, con las intervenciones del asesor del Programa de Desarrollo de Derecho Comercial del Departamento de Comercio de EE. UU., Jorge Aguilar; de la directora comercial de la Autoridad Portuaria Dominicana (Apordom), Scarlet Rodriguez; del director de inversi\u00f3n de ProDominicana, Marcial Smester; y el consultor financiero, Schafik Collazo (El Salvador).<\/p>\n<h2>Acuerdo INTEC-DGAPP<\/h2>\n<p>La realizaci\u00f3n de este foro es parte del acuerdo de colaboraci\u00f3n firmado en el 2022 para incentivar la formaci\u00f3n acad\u00e9mica y la profesionalizaci\u00f3n en materia de alianzas p\u00fablico-privadas.<\/p>\n<p>Mediante este convenio, la DGAPP y el INTEC acordaron coordinar actividades (docentes, investigativas, de capacitaci\u00f3n, de difusi\u00f3n) relacionadas a las APP, su esquema normativo e institucional, las decisiones y resoluciones de la Direcci\u00f3n y el Consejo Nacional de Alianzas P\u00fablico Privadas (CNAPP).<\/p>\n<p>Ambas entidades tambi\u00e9n se comprometieron a prestarse mutua colaboraci\u00f3n en el desarrollo de: actividades de investigaci\u00f3n, seminarios, cursos, talleres, intercambio de documentos acad\u00e9micos y cient\u00edficos, programas conjuntos de formaci\u00f3n, publicaciones conjuntas, programas de becas, pasant\u00edas para egresados del INTEC, visitas institucionales para estudiantes de grado, postgrado y educaci\u00f3n permanente, y otras actividades acad\u00e9micas y cient\u00edficas<\/p>\n<\/div>\n<p>&nbsp;<\/p>\n<p>Fuente: Prensa DGAPP<\/p>\n","protected":false},"excerpt":{"rendered":"<p>En el Foro Internacional Especializado \u201cLas APP y su Impacto Social y Econ\u00f3mico en Rep\u00fablica<\/p>\n","protected":false},"author":4,"featured_media":0,"comment_status":"open","ping_status":"open","sticky":false,"template":"","format":"standard","meta":{"footnotes":""},"categories":[2,7],"tags":[],"class_list":["post-4052","post","type-post","status-publish","format-standard","hentry","category-economicas","category-nacionales"],"_links":{"self":[{"href":"https:\/\/defrentealaverdad.com\/index.php\/wp-json\/wp\/v2\/posts\/4052","targetHints":{"allow":["GET"]}}],"collection":[{"href":"https:\/\/defrentealaverdad.com\/index.php\/wp-json\/wp\/v2\/posts"}],"about":[{"href":"https:\/\/defrentealaverdad.com\/index.php\/wp-json\/wp\/v2\/types\/post"}],"author":[{"embeddable":true,"href":"https:\/\/defrentealaverdad.com\/index.php\/wp-json\/wp\/v2\/users\/4"}],"replies":[{"embeddable":true,"href":"https:\/\/defrentealaverdad.com\/index.php\/wp-json\/wp\/v2\/comments?post=4052"}],"version-history":[{"count":5,"href":"https:\/\/defrentealaverdad.com\/index.php\/wp-json\/wp\/v2\/posts\/4052\/revisions"}],"predecessor-version":[{"id":4057,"href":"https:\/\/defrentealaverdad.com\/index.php\/wp-json\/wp\/v2\/posts\/4052\/revisions\/4057"}],"wp:attachment":[{"href":"https:\/\/defrentealaverdad.com\/index.php\/wp-json\/wp\/v2\/media?parent=4052"}],"wp:term":[{"taxonomy":"category","embeddable":true,"href":"https:\/\/defrentealaverdad.com\/index.php\/wp-json\/wp\/v2\/categories?post=4052"},{"taxonomy":"post_tag","embeddable":true,"href":"https:\/\/defrentealaverdad.com\/index.php\/wp-json\/wp\/v2\/tags?post=4052"}],"curies":[{"name":"wp","href":"https:\/\/api.w.org\/{rel}","templated":true}]}}