{"id":40515,"date":"2025-02-26T18:49:30","date_gmt":"2025-02-26T18:49:30","guid":{"rendered":"https:\/\/defrentealaverdad.com\/?p=40515"},"modified":"2025-02-27T23:51:05","modified_gmt":"2025-02-27T23:51:05","slug":"jhayco-trae-gira-a-rd-este-7-de-junio","status":"publish","type":"post","link":"https:\/\/defrentealaverdad.com\/index.php\/2025\/02\/26\/jhayco-trae-gira-a-rd-este-7-de-junio\/","title":{"rendered":"JHAYCO trae gira a RD este 7 de junio"},"content":{"rendered":"<blockquote>\n<p style=\"text-align: justify;\">El artista urbano se presentar\u00e1 en el \u00d3valo de la Feria Ganadera. Preventa este viernes 28 de febrero<\/p>\n<\/blockquote>\n<p style=\"text-align: justify;\">SANTO DOMINGO.- El popular artista urbano, ganador del Latin Grammy, JHAYCO regresa a la Rep\u00fablica Dominicana para presentar su primer concierto por todo lo alto este 7 de junio en el \u00d3valo de la Feria Ganadera, bajo la producci\u00f3n de We Entertainment.<\/p>\n<p style=\"text-align: justify;\">Pautado para las 9:00 de la noche, el artista trae su nueva gira, \u201cVida Rockstar\u201d, la cual se desprende de su m\u00e1s reciente producci\u00f3n discogr\u00e1fica \u201cVida Rockstar: Le Clique (X)\u201d, la cual lo lleva por diferentes escenarios de Estados Unidos y Espa\u00f1a, entre otros.<\/p>\n<p style=\"text-align: justify;\">La preventa de boletas con Banreservas se llevar\u00e1 a cabo este viernes 28 de febrero a partir de las 10:00 de la ma\u00f1ana, mientras que la venta general est\u00e1 pautada para el 4 de marzo, en Uepa TicketsEl tambi\u00e9n productor y compositor Jhayco, conocido por sus cautivadoras melod\u00edas y atractivas letras ha trabajado con artistas como Bad Bunny en exitosas colaboraciones como \u201cD\u00e1kiti\u201d y \u201cNo me conoce remix\u201d.<\/p>\n<p style=\"text-align: justify;\">Su \u00faltimo disco \u201cVida Rockstar: Le Clique (X)\u201d ha acumulado m\u00e1s de 5,600 millones de reproducciones en todo el mundo, recibiendo doble certificaci\u00f3n de platino. Adem\u00e1s, ha sido reconocido por su 9 veces platino con el sencillo \u201cHolanda\u201d, 9 con \u201cNo me conoce\u201d y 4 con \u201cCuerpecito\u201d.<\/p>\n<p style=\"text-align: justify;\">Su repertorio incluye otros \u00e9xitos como \u201cSi no es contigo remix\u201d, \u201cC\u00f3mo se siente\u201d, \u201cTarot\u201d, \u201c512\u201d, \u201cMemorias\u201d, \u201cPassoa\u201d, \u201cLey Seca\u201d, \u201cMedusa\u201d y \u201cFiel\u201d, entre otras.<\/p>\n<p>Fuente: Equipo JHAYCO<\/p>\n","protected":false},"excerpt":{"rendered":"<p>El artista urbano se presentar\u00e1 en el \u00d3valo de la Feria Ganadera. Preventa este viernes<\/p>\n","protected":false},"author":4,"featured_media":40518,"comment_status":"open","ping_status":"open","sticky":false,"template":"","format":"standard","meta":{"footnotes":""},"categories":[245],"tags":[],"class_list":["post-40515","post","type-post","status-publish","format-standard","has-post-thumbnail","hentry","category-cultura"],"_links":{"self":[{"href":"https:\/\/defrentealaverdad.com\/index.php\/wp-json\/wp\/v2\/posts\/40515","targetHints":{"allow":["GET"]}}],"collection":[{"href":"https:\/\/defrentealaverdad.com\/index.php\/wp-json\/wp\/v2\/posts"}],"about":[{"href":"https:\/\/defrentealaverdad.com\/index.php\/wp-json\/wp\/v2\/types\/post"}],"author":[{"embeddable":true,"href":"https:\/\/defrentealaverdad.com\/index.php\/wp-json\/wp\/v2\/users\/4"}],"replies":[{"embeddable":true,"href":"https:\/\/defrentealaverdad.com\/index.php\/wp-json\/wp\/v2\/comments?post=40515"}],"version-history":[{"count":1,"href":"https:\/\/defrentealaverdad.com\/index.php\/wp-json\/wp\/v2\/posts\/40515\/revisions"}],"predecessor-version":[{"id":40516,"href":"https:\/\/defrentealaverdad.com\/index.php\/wp-json\/wp\/v2\/posts\/40515\/revisions\/40516"}],"wp:featuredmedia":[{"embeddable":true,"href":"https:\/\/defrentealaverdad.com\/index.php\/wp-json\/wp\/v2\/media\/40518"}],"wp:attachment":[{"href":"https:\/\/defrentealaverdad.com\/index.php\/wp-json\/wp\/v2\/media?parent=40515"}],"wp:term":[{"taxonomy":"category","embeddable":true,"href":"https:\/\/defrentealaverdad.com\/index.php\/wp-json\/wp\/v2\/categories?post=40515"},{"taxonomy":"post_tag","embeddable":true,"href":"https:\/\/defrentealaverdad.com\/index.php\/wp-json\/wp\/v2\/tags?post=40515"}],"curies":[{"name":"wp","href":"https:\/\/api.w.org\/{rel}","templated":true}]}}