{"id":40513,"date":"2025-02-26T23:28:53","date_gmt":"2025-02-26T23:28:53","guid":{"rendered":"https:\/\/defrentealaverdad.com\/?p=40513"},"modified":"2025-02-27T23:29:01","modified_gmt":"2025-02-27T23:29:01","slug":"clientes-de-los-mameyes-y-ensanche-isabelita-reconocen-mejoras-en-el-servicio-electrico-gracias-a-edeeste","status":"publish","type":"post","link":"https:\/\/defrentealaverdad.com\/index.php\/2025\/02\/26\/clientes-de-los-mameyes-y-ensanche-isabelita-reconocen-mejoras-en-el-servicio-electrico-gracias-a-edeeste\/","title":{"rendered":"Clientes de Los Mameyes y Ensanche Isabelita reconocen mejoras en el servicio el\u00e9ctrico gracias a EDEEste"},"content":{"rendered":"<p style=\"text-align: justify;\">Santo Domingo Este. \u2013 Residentes de Los Mameyes y el Ensanche Isabelita han expresado su reconocimiento a la Empresa Distribuidora de Electricidad del Este (EDEEste) por las mejoras significativas en el servicio el\u00e9ctrico, fruto de un plan de optimizaci\u00f3n que ha fortalecido la infraestructura el\u00e9ctrica en la zona<\/p>\n<p style=\"text-align: justify;\">Los clientes confirman que actualmente cuentan con servicio 24 horas, con interrupciones m\u00ednimas \u00fanicamente cuando se realizan mantenimientos programados para garantizar la estabilidad del sistema. Entre los trabajos ejecutados se destacan la instalaci\u00f3n de nuevos transformadores, la modernizaci\u00f3n y adecuaci\u00f3n de las redes el\u00e9ctricas, la colocaci\u00f3n de luminarias y la captaci\u00f3n de nuevos clientes, lo que ha permitido reducir sobrecargas y mejorar la calidad del suministro.<\/p>\n<p style=\"text-align: justify;\">Estos testimonios confirman lo anunciado en d\u00edas pasados por el presidente del Consejo Unificado de las Empresas Distribuidoras de Electricidad, Lic. Celso Marranzini, quien inform\u00f3 que el Programa de Control del Abastecimiento, iniciado el pasado mes de enero, hab\u00eda sido suspendido.<\/p>\n<p style=\"text-align: justify;\">Seg\u00fan comenta el se\u00f1or Jos\u00e9 David Morillo, comunitario de Los Mamayes, la energ\u00eda el\u00e9ctrica tiene m\u00e1s de 3 semanas que no cuenta con horarios de interrupci\u00f3n.<\/p>\n<blockquote>\n<p style=\"text-align: justify;\">\u201cNos sentimos agradecidos de EDEEste, la luz ha mejorado mucho y su equipo de Gesti\u00f3n Social ha estado presente en esta comunidad atendiendo todas las solicitudes de servicios que requerimos\u201d, agreg\u00f3.<\/p>\n<\/blockquote>\n<p style=\"text-align: justify;\">Por su parte el se\u00f1or Manuel Nicol\u00e1s Dom\u00ednguez P\u00e9rez, propietario de una carnicer\u00eda confirm\u00f3 que la energ\u00eda el\u00e9ctrica ha mejorado un 90%. \u201c<em>Todos los frizers est\u00e1n congelados, que m\u00e1s evidencia que esa\u201d,<\/em> expres\u00f3 el comunitario.<\/p>\n<p style=\"text-align: justify;\">EDEEste reitera su compromiso con la transparencia y el fortalecimiento del servicio el\u00e9ctrico en toda su \u00e1rea de concesi\u00f3n. La empresa contin\u00faa implementando soluciones para garantizar un suministro estable y seguro, contribuyendo al bienestar de las comunidades y al desarrollo econ\u00f3mico de la zona.<\/p>\n<p style=\"text-align: justify;\">EDEEste reitera su compromiso con la transparencia y el fortalecimiento del servicio el\u00e9ctrico en toda su \u00e1rea de concesi\u00f3n. La empresa contin\u00faa implementando soluciones para garantizar un suministro estable y seguro, contribuyendo al bienestar de las comunidades y al desarrollo econ\u00f3mico de la zona.<\/p>\n<p>Fuente: Prensa EDEEste<\/p>\n","protected":false},"excerpt":{"rendered":"<p>Santo Domingo Este. \u2013 Residentes de Los Mameyes y el Ensanche Isabelita han expresado su<\/p>\n","protected":false},"author":2,"featured_media":40510,"comment_status":"open","ping_status":"open","sticky":false,"template":"","format":"standard","meta":{"footnotes":""},"categories":[7],"tags":[],"class_list":["post-40513","post","type-post","status-publish","format-standard","has-post-thumbnail","hentry","category-nacionales"],"_links":{"self":[{"href":"https:\/\/defrentealaverdad.com\/index.php\/wp-json\/wp\/v2\/posts\/40513","targetHints":{"allow":["GET"]}}],"collection":[{"href":"https:\/\/defrentealaverdad.com\/index.php\/wp-json\/wp\/v2\/posts"}],"about":[{"href":"https:\/\/defrentealaverdad.com\/index.php\/wp-json\/wp\/v2\/types\/post"}],"author":[{"embeddable":true,"href":"https:\/\/defrentealaverdad.com\/index.php\/wp-json\/wp\/v2\/users\/2"}],"replies":[{"embeddable":true,"href":"https:\/\/defrentealaverdad.com\/index.php\/wp-json\/wp\/v2\/comments?post=40513"}],"version-history":[{"count":1,"href":"https:\/\/defrentealaverdad.com\/index.php\/wp-json\/wp\/v2\/posts\/40513\/revisions"}],"predecessor-version":[{"id":40514,"href":"https:\/\/defrentealaverdad.com\/index.php\/wp-json\/wp\/v2\/posts\/40513\/revisions\/40514"}],"wp:featuredmedia":[{"embeddable":true,"href":"https:\/\/defrentealaverdad.com\/index.php\/wp-json\/wp\/v2\/media\/40510"}],"wp:attachment":[{"href":"https:\/\/defrentealaverdad.com\/index.php\/wp-json\/wp\/v2\/media?parent=40513"}],"wp:term":[{"taxonomy":"category","embeddable":true,"href":"https:\/\/defrentealaverdad.com\/index.php\/wp-json\/wp\/v2\/categories?post=40513"},{"taxonomy":"post_tag","embeddable":true,"href":"https:\/\/defrentealaverdad.com\/index.php\/wp-json\/wp\/v2\/tags?post=40513"}],"curies":[{"name":"wp","href":"https:\/\/api.w.org\/{rel}","templated":true}]}}