{"id":40500,"date":"2025-02-25T08:11:18","date_gmt":"2025-02-25T08:11:18","guid":{"rendered":"https:\/\/defrentealaverdad.com\/?p=40500"},"modified":"2025-02-27T23:12:59","modified_gmt":"2025-02-27T23:12:59","slug":"maestro-artesano-ramon-guillen-invitado-especial-en-la-premier-del-documental-arte-sanos","status":"publish","type":"post","link":"https:\/\/defrentealaverdad.com\/index.php\/2025\/02\/25\/maestro-artesano-ramon-guillen-invitado-especial-en-la-premier-del-documental-arte-sanos\/","title":{"rendered":"Maestro Artesano Ram\u00f3n Guill\u00e9n, Invitado Especial en la Premier del Documental \u00abArte Sanos\u00bb"},"content":{"rendered":"<p style=\"text-align: justify;\">Santo Domingo, RD. \u2013 El reconocido gestor cultural y maestro artesano especializado en Cultura Ta\u00edna, Ram\u00f3n Guill\u00e9n, fue invitado especial a la premier del documental Arte Sanos, dirigido por Evelina Rodr\u00edguez y Danilo Reynoso, con la coordinaci\u00f3n de Patricia Guerrero<\/p>\n<p style=\"text-align: justify;\">En este evento, Guill\u00e9n destac\u00f3 la trascendencia de esta obra audiovisual, que da voz a los artesanos protagonistas, quienes subrayan la importancia de las artesan\u00edas para mantener viva la cultura y la identidad nacional. En sus palabras, Guill\u00e9n expres\u00f3:<\/p>\n<blockquote>\n<p style=\"text-align: justify;\">\u00abEste es un documental esencial que permite visibilizar la relevancia de los artesanos y las artesan\u00edas, las cuales son veh\u00edculos para transmitir nuestra cultura. A trav\u00e9s de ellas, se perpet\u00faan el arte, la gastronom\u00eda, la religiosidad popular, la m\u00fasica, el folclore y todas las manifestaciones que hacen \u00fanica a una sociedad. Sin los artesanos y sus obras, no existir\u00eda una verdadera Marca Pa\u00eds.\u00bb<\/p>\n<\/blockquote>\n<p style=\"text-align: justify;\">El documental Arte Sanos pone en evidencia el rol fundamental de los artesanos en la preservaci\u00f3n y difusi\u00f3n de nuestras tradiciones, reforzando la idea de que las artesan\u00edas son mucho m\u00e1s que simples objetos; son un reflejo de la historia, la identidad y la creatividad de una naci\u00f3n.<\/p>\n<p style=\"text-align: justify;\">Este evento resalta la importancia de seguir apoyando y valorando el trabajo artesanal como una de las piedras angulares de nuestra herencia cultural.<\/p>\n<p>Fuente: RD Firma Autorizada<\/p>\n","protected":false},"excerpt":{"rendered":"<p>Santo Domingo, RD. \u2013 El reconocido gestor cultural y maestro artesano especializado en Cultura Ta\u00edna,<\/p>\n","protected":false},"author":2,"featured_media":40501,"comment_status":"open","ping_status":"open","sticky":false,"template":"","format":"standard","meta":{"footnotes":""},"categories":[245],"tags":[],"class_list":["post-40500","post","type-post","status-publish","format-standard","has-post-thumbnail","hentry","category-cultura"],"_links":{"self":[{"href":"https:\/\/defrentealaverdad.com\/index.php\/wp-json\/wp\/v2\/posts\/40500","targetHints":{"allow":["GET"]}}],"collection":[{"href":"https:\/\/defrentealaverdad.com\/index.php\/wp-json\/wp\/v2\/posts"}],"about":[{"href":"https:\/\/defrentealaverdad.com\/index.php\/wp-json\/wp\/v2\/types\/post"}],"author":[{"embeddable":true,"href":"https:\/\/defrentealaverdad.com\/index.php\/wp-json\/wp\/v2\/users\/2"}],"replies":[{"embeddable":true,"href":"https:\/\/defrentealaverdad.com\/index.php\/wp-json\/wp\/v2\/comments?post=40500"}],"version-history":[{"count":1,"href":"https:\/\/defrentealaverdad.com\/index.php\/wp-json\/wp\/v2\/posts\/40500\/revisions"}],"predecessor-version":[{"id":40502,"href":"https:\/\/defrentealaverdad.com\/index.php\/wp-json\/wp\/v2\/posts\/40500\/revisions\/40502"}],"wp:featuredmedia":[{"embeddable":true,"href":"https:\/\/defrentealaverdad.com\/index.php\/wp-json\/wp\/v2\/media\/40501"}],"wp:attachment":[{"href":"https:\/\/defrentealaverdad.com\/index.php\/wp-json\/wp\/v2\/media?parent=40500"}],"wp:term":[{"taxonomy":"category","embeddable":true,"href":"https:\/\/defrentealaverdad.com\/index.php\/wp-json\/wp\/v2\/categories?post=40500"},{"taxonomy":"post_tag","embeddable":true,"href":"https:\/\/defrentealaverdad.com\/index.php\/wp-json\/wp\/v2\/tags?post=40500"}],"curies":[{"name":"wp","href":"https:\/\/api.w.org\/{rel}","templated":true}]}}