{"id":4050,"date":"2023-03-28T16:14:27","date_gmt":"2023-03-28T16:14:27","guid":{"rendered":"https:\/\/defrentealaverdad.com\/?p=4050"},"modified":"2023-03-29T16:15:40","modified_gmt":"2023-03-29T16:15:40","slug":"entretenimiento-martes-28-de-marzo-de-2023-fallece-el-bachatero-blas-duran","status":"publish","type":"post","link":"https:\/\/defrentealaverdad.com\/index.php\/2023\/03\/28\/entretenimiento-martes-28-de-marzo-de-2023-fallece-el-bachatero-blas-duran\/","title":{"rendered":"Entretenimiento martes, 28 de marzo de 2023 Fallece el bachatero Blas Dur\u00e1n"},"content":{"rendered":"<p style=\"text-align: justify;\">Por Felix Rubio<\/p>\n<p><img decoding=\"async\" data-src=\"https:\/\/i.ytimg.com\/vi\/G1f7HPtgYec\/maxresdefault.jpg\" alt=\"MUERE BLAS DURAN | Biograf\u00eda - YouTube\" src=\"data:image\/svg+xml;base64,PHN2ZyB3aWR0aD0iMSIgaGVpZ2h0PSIxIiB4bWxucz0iaHR0cDovL3d3dy53My5vcmcvMjAwMC9zdmciPjwvc3ZnPg==\" class=\"lazyload\" \/><\/p>\n<p style=\"text-align: justify;\">El bachatero<strong>\u00a0Blas Dur\u00e1n<\/strong>\u00a0muri\u00f3 la madrugada de este martes a los 82 a\u00f1os luego de ser ingresado a una cl\u00ednica por problemas de circulaci\u00f3n o trastornos vasculares en febrero.<\/p>\n<p style=\"text-align: justify;\">Hace unos a\u00f1os, el creador de temas como \u201cNo vales nada\u201d, \u201cLa arepa\u201d, \u201cEl conejo de la vecina\u201d y \u201cLa rifa\u201d empez\u00f3 a padecer de la enfermedad de Parkinson y sufri\u00f3 una trombosis que lo dej\u00f3 en silla de ruedas, seg\u00fan inform\u00f3 su hija a un medio local.<\/p>\n<p style=\"text-align: justify;\">Dur\u00e1n se habr\u00eda retirado de la m\u00fasica en 2015, cuando decidi\u00f3 no realizar m\u00e1s conciertos, giras y grabar m\u00fasica por su condici\u00f3n de salud.<\/p>\n<p style=\"text-align: justify;\">Dur\u00e1n alcanz\u00f3 gran popularidad en la d\u00e9cada de los 80 y 90 por el doble sentido que utilizaba en sus canciones, m\u00fasica\u00a0con la que lleg\u00f3 a lugares como\u00a0Costa Rica, El Salvador, Granada, Curazao, Guatemala, Honduras, Bonaire, San Thomas, Jamaica, Panam\u00e1, Aruba, Chile, Ecuador,\u00a0Alemania, Austria, B\u00e9lgica, Espa\u00f1a, Finlandia, Francia, Grecia, Holanda, Italia, Rusia y Suiza.<\/p>\n<p style=\"text-align: justify;\">El cantante naci\u00f3 el 3 de febrero de 1941 en Nagua, provincia Mar\u00eda Trinidad S\u00e1nchez, al norte de Rep\u00fablica Dominicana.<\/p>\n<p style=\"text-align: justify;\">A Dur\u00e1n le sobreviven aproximadamente 12 hijos procreados con diferentes mujeres a lo largo de su vida.<\/p>\n<p><iframe data-src=\"https:\/\/www.youtube.com\/embed\/vyM3GiiOkSo\" width=\"640\" height=\"360\" frameborder=\"0\" allowfullscreen=\"allowfullscreen\" data-mce-fragment=\"1\" src=\"data:image\/svg+xml;base64,PHN2ZyB3aWR0aD0iMSIgaGVpZ2h0PSIxIiB4bWxucz0iaHR0cDovL3d3dy53My5vcmcvMjAwMC9zdmciPjwvc3ZnPg==\" class=\"lazyload\" data-load-mode=\"1\"><\/iframe><\/p>\n<p>&nbsp;<\/p>\n<p>Fuente: Listin Diario \/ Rep\u00fablica Merengue<\/p>\n","protected":false},"excerpt":{"rendered":"<p>Por Felix Rubio El bachatero\u00a0Blas Dur\u00e1n\u00a0muri\u00f3 la madrugada de este martes a los 82 a\u00f1os<\/p>\n","protected":false},"author":1,"featured_media":0,"comment_status":"open","ping_status":"open","sticky":false,"template":"","format":"standard","meta":{"footnotes":""},"categories":[6,7],"tags":[],"class_list":["post-4050","post","type-post","status-publish","format-standard","hentry","category-espectaculos","category-nacionales"],"_links":{"self":[{"href":"https:\/\/defrentealaverdad.com\/index.php\/wp-json\/wp\/v2\/posts\/4050","targetHints":{"allow":["GET"]}}],"collection":[{"href":"https:\/\/defrentealaverdad.com\/index.php\/wp-json\/wp\/v2\/posts"}],"about":[{"href":"https:\/\/defrentealaverdad.com\/index.php\/wp-json\/wp\/v2\/types\/post"}],"author":[{"embeddable":true,"href":"https:\/\/defrentealaverdad.com\/index.php\/wp-json\/wp\/v2\/users\/1"}],"replies":[{"embeddable":true,"href":"https:\/\/defrentealaverdad.com\/index.php\/wp-json\/wp\/v2\/comments?post=4050"}],"version-history":[{"count":1,"href":"https:\/\/defrentealaverdad.com\/index.php\/wp-json\/wp\/v2\/posts\/4050\/revisions"}],"predecessor-version":[{"id":4051,"href":"https:\/\/defrentealaverdad.com\/index.php\/wp-json\/wp\/v2\/posts\/4050\/revisions\/4051"}],"wp:attachment":[{"href":"https:\/\/defrentealaverdad.com\/index.php\/wp-json\/wp\/v2\/media?parent=4050"}],"wp:term":[{"taxonomy":"category","embeddable":true,"href":"https:\/\/defrentealaverdad.com\/index.php\/wp-json\/wp\/v2\/categories?post=4050"},{"taxonomy":"post_tag","embeddable":true,"href":"https:\/\/defrentealaverdad.com\/index.php\/wp-json\/wp\/v2\/tags?post=4050"}],"curies":[{"name":"wp","href":"https:\/\/api.w.org\/{rel}","templated":true}]}}