{"id":4048,"date":"2023-03-28T16:13:49","date_gmt":"2023-03-28T16:13:49","guid":{"rendered":"https:\/\/defrentealaverdad.com\/?p=4048"},"modified":"2023-03-29T16:13:56","modified_gmt":"2023-03-29T16:13:56","slug":"rebautizan-esquina-del-alto-manhattan-en-memoria-de-luchador-dominicano-asesinado-por-policia-encubierto-en-inwood","status":"publish","type":"post","link":"https:\/\/defrentealaverdad.com\/index.php\/2023\/03\/28\/rebautizan-esquina-del-alto-manhattan-en-memoria-de-luchador-dominicano-asesinado-por-policia-encubierto-en-inwood\/","title":{"rendered":"Rebautizan esquina del Alto Manhattan en memoria de luchador dominicano asesinado por polic\u00eda encubierto en Inwood"},"content":{"rendered":"<p style=\"text-align: justify;\"><img decoding=\"async\" class=\"aligncenter lazyload\" data-src=\"https:\/\/nuevodiario-assets.s3.us-east-2.amazonaws.com\/wp-content\/uploads\/2023\/03\/29033016\/Rebautizan-esquina-del-Alto-Manhattan.jpg\" src=\"data:image\/svg+xml;base64,PHN2ZyB3aWR0aD0iMSIgaGVpZ2h0PSIxIiB4bWxucz0iaHR0cDovL3d3dy53My5vcmcvMjAwMC9zdmciPjwvc3ZnPg==\" \/><\/p>\n<p style=\"text-align: justify;\">La esquina de la intersecci\u00f3n de la calle Dickman y avenida Post en el sector Inwood del Alto Manhattan, fue bautizada el s\u00e1bado en memoria del competidor de lucha libre profesional John Collado, nativo de Santiago de los Caballeros asesinado por el polic\u00eda encubierto del cuartel 34 James Connolly el 6 de septiembre 2011, hace 12 a\u00f1os.<\/p>\n<p style=\"text-align: justify;\">La ceremonia se realiz\u00f3 el s\u00e1bado 25 de marzo\u00a0 a las 3:00 de la tarde y el renombramiento fue aprobado por la mayor\u00eda del Consejo Municipal despu\u00e9s que la concejala del distrito 10 en el Alto Manhattan sometiera la propuesta. En\u00a0 la ceremonia estuvieron presentes todos los familiares cercanos a Collado entre ellos su viuda, Amarilis Collado y los hermanos.<\/p>\n<p style=\"text-align: justify;\">Collado sali\u00f3 de su casa a eso de las 5:00 de la tarde en busca de condimentos para cocinarle una lasa\u00f1a a su esposa en la cena cuando en la misma intersecci\u00f3n el encubierto trat\u00f3 de detenerlo en medio de una pelea entre vecinos y creyendo que la v\u00edctima era parte de la disputa.<\/p>\n<p style=\"text-align: justify;\">En su camino, una mujer se le acerc\u00f3 para decirle que hab\u00eda visto que dos tipos estaban tratando de matarse el uno al otro.En un video de una c\u00e1mara de seguridad se ve\u00a0 a Collado corriendo hacia su apartamento donde vio a Rangel Batista, su vecino y amigo peleando en la calle con un\u00a0 hombre que no reconoci\u00f3 el encubierto.<\/p>\n<p style=\"text-align: justify;\">Collado se interpuso entre dos hombres y coloc\u00f3 su mano sobre sus pechos para tratar de desapartarlos, seg\u00fan testigos. Connolly sac\u00f3 su Glock y le dispar\u00f3 un balazo a Collado.<\/p>\n<p style=\"text-align: justify;\">El polic\u00eda aleg\u00f3 en el juicio que Collado, como luchador profesional, le hab\u00eda colocado una llave que\u00a0 bloqueaba su cabeza y lo levant\u00f3 del suelo, casi haci\u00e9ndole perder el conocimiento.<\/p>\n<p style=\"text-align: justify;\">El encubierto dijo que temi\u00f3 por su vida y le dispar\u00f3 a Collado, que pesaba aproximadamente 100 libras m\u00e1s que \u00e9l, debajo de la axila.<\/p>\n<p style=\"text-align: justify;\">Pero las im\u00e1genes, relatos de testigos oculares, el testimonio de un pat\u00f3logo y otro polic\u00eda que compon\u00eda la patrulla con Connolly, James White, contradijeron la versi\u00f3n<\/p>\n<p style=\"text-align: justify;\">Se demostr\u00f3 que Collado no le puso la llave al polic\u00eda. No hab\u00eda habido estrangulamiento. Los dos hombres hab\u00edan estado uno frente al otro cuando Connolly dispar\u00f3.<\/p>\n<p style=\"text-align: justify;\">Se descubri\u00f3 que Connolly minti\u00f3 en el estrado de los testigos en un juicio civil de 2018, y un jurado otorg\u00f3 a la familia Collado fue la segunda v\u00edctima\u00a0 en menos de tres a\u00f1os que Connolly mataba a tiros en sus pocos a\u00f1os en la polic\u00eda, un detalle que la polic\u00eda no revel\u00f3 hasta varios a\u00f1os despu\u00e9s del homicidio del dominicano.<\/p>\n<p style=\"text-align: justify;\">En 2022, la Junta de Revisi\u00f3n de Quejas Civiles (CCRB) del NYPD intent\u00f3 entrevistar a Connolly cuatro veces sobre el asesinato\u00a0 de Collado debido a que no present\u00f3 en ninguna de tres citaciones. Sali\u00f3 de la polic\u00eda en noviembre 2022.<\/p>\n<p style=\"text-align: justify;\">Ocho a\u00f1os despu\u00e9s del tr\u00e1gico incidente, la ciudad acord\u00f3 pagar $5.5 millones de d\u00f3lares \u00a0a su familia evitando que una demanda de $14 millones por fuerza excesiva contra el NYPD llegara a la corte. El concejal Charles Barron, la fundaci\u00f3n Collado\u2019s Family, y las organizaciones Answer Coalition y Peace Poets participaron en la ceremonia el s\u00e1bado.<\/p>\n<p style=\"text-align: justify;\">\u00abSignifica mucho para m\u00ed. He estado luchando y luchando por la rendici\u00f3n de cuentas y para contarle al mundo entero lo que le sucedi\u00f3 a John Collado en septiembre de 2011\u00bb, dijo el sobrino de Collado, Joshua L\u00f3pez, al noticiero de la cadena \u00a0CBS News.<\/p>\n<p style=\"text-align: justify;\">\u00abIntent\u00f3 hacer una buena acci\u00f3n y romper una pelea y perdi\u00f3 la vida. Se trataba de difundir el amor y esto es lo que siento hoy. Estoy sintiendo mucho amor\u00bb, a\u00f1adi\u00f3 el sobrino. En noviembre de 2018 la viuda de \u00a0Collado, dijo que ella no quer\u00eda dinero, sino limpiar el nombre de su esposo.<\/p>\n<p style=\"text-align: justify;\">\u201cMe siento aliviada, me siento agradecida, pero no contenta porque a pesar de todo, \u00e9l no puede volver\u201d, a\u00f1adi\u00f3 la viuda.\u201c\u00c9l era divertido, amable, ten\u00eda una gran nobleza\u201d, dijo la se\u00f1ora Collado.Collado quien ten\u00eda 43 a\u00f1os de edad dej\u00f3 cinco hijos en la orfandad.<\/p>\n<p>&nbsp;<\/p>\n<p>Fuente: Nuevo Diario<\/p>\n","protected":false},"excerpt":{"rendered":"<p>La esquina de la intersecci\u00f3n de la calle Dickman y avenida Post en el sector<\/p>\n","protected":false},"author":1,"featured_media":0,"comment_status":"open","ping_status":"open","sticky":false,"template":"","format":"standard","meta":{"footnotes":""},"categories":[16],"tags":[],"class_list":["post-4048","post","type-post","status-publish","format-standard","hentry","category-internacionales"],"_links":{"self":[{"href":"https:\/\/defrentealaverdad.com\/index.php\/wp-json\/wp\/v2\/posts\/4048","targetHints":{"allow":["GET"]}}],"collection":[{"href":"https:\/\/defrentealaverdad.com\/index.php\/wp-json\/wp\/v2\/posts"}],"about":[{"href":"https:\/\/defrentealaverdad.com\/index.php\/wp-json\/wp\/v2\/types\/post"}],"author":[{"embeddable":true,"href":"https:\/\/defrentealaverdad.com\/index.php\/wp-json\/wp\/v2\/users\/1"}],"replies":[{"embeddable":true,"href":"https:\/\/defrentealaverdad.com\/index.php\/wp-json\/wp\/v2\/comments?post=4048"}],"version-history":[{"count":1,"href":"https:\/\/defrentealaverdad.com\/index.php\/wp-json\/wp\/v2\/posts\/4048\/revisions"}],"predecessor-version":[{"id":4049,"href":"https:\/\/defrentealaverdad.com\/index.php\/wp-json\/wp\/v2\/posts\/4048\/revisions\/4049"}],"wp:attachment":[{"href":"https:\/\/defrentealaverdad.com\/index.php\/wp-json\/wp\/v2\/media?parent=4048"}],"wp:term":[{"taxonomy":"category","embeddable":true,"href":"https:\/\/defrentealaverdad.com\/index.php\/wp-json\/wp\/v2\/categories?post=4048"},{"taxonomy":"post_tag","embeddable":true,"href":"https:\/\/defrentealaverdad.com\/index.php\/wp-json\/wp\/v2\/tags?post=4048"}],"curies":[{"name":"wp","href":"https:\/\/api.w.org\/{rel}","templated":true}]}}