{"id":40470,"date":"2025-02-27T21:50:23","date_gmt":"2025-02-27T21:50:23","guid":{"rendered":"https:\/\/defrentealaverdad.com\/?p=40470"},"modified":"2025-02-27T21:50:23","modified_gmt":"2025-02-27T21:50:23","slug":"dr-jorge-asjana-david-resalta-el-valor-de-la-independencia-nacional","status":"publish","type":"post","link":"https:\/\/defrentealaverdad.com\/index.php\/2025\/02\/27\/dr-jorge-asjana-david-resalta-el-valor-de-la-independencia-nacional\/","title":{"rendered":"Dr. Jorge Asjana David resalta el valor de la independencia nacional"},"content":{"rendered":"<p style=\"text-align: justify;\">El Dr. Jorge Asjana David, aspirante a rector de la Universidad Aut\u00f3noma de Santo Domingo (UASD) para el per\u00edodo 2026-2030, destac\u00f3 el valor de la independencia nacional como un compromiso continuo de todos los dominicanos.<\/p>\n<p style=\"text-align: justify;\">A trav\u00e9s de un mensaje con motivo del 27 de febrero, Asjana expres\u00f3 que la independencia no es solo un logro del pasado, sino una tarea diaria, en la que cada generaci\u00f3n debe aportar con esfuerzo y compromiso para fortalecer la libertad y la justicia en la naci\u00f3n.<\/p>\n<blockquote>\n<p style=\"text-align: justify;\">\u201cLa independencia no es un logro del pasado, sino una tarea diaria: ayer se conquist\u00f3 con la espada, hoy se sostiene con compromiso firme y ma\u00f1ana se fortalecer\u00e1 con nuestro esfuerzo por un pa\u00eds m\u00e1s libre y justo, como lo so\u00f1aron Duarte, S\u00e1nchez y Mella\u201d, expres\u00f3.<\/p>\n<\/blockquote>\n<p style=\"text-align: justify;\">El Dr. Asjana reafirm\u00f3 su compromiso con los valores patrios y la educaci\u00f3n superior, resaltando que la formaci\u00f3n acad\u00e9mica juega un papel fundamental en la consolidaci\u00f3n de un pa\u00eds m\u00e1s justo y pr\u00f3spero.<\/p>\n<p>Fuente: Equipo Dr. Asjana<\/p>\n","protected":false},"excerpt":{"rendered":"<p>El Dr. Jorge Asjana David, aspirante a rector de la Universidad Aut\u00f3noma de Santo Domingo<\/p>\n","protected":false},"author":1,"featured_media":40471,"comment_status":"open","ping_status":"open","sticky":false,"template":"","format":"standard","meta":{"footnotes":""},"categories":[7],"tags":[],"class_list":["post-40470","post","type-post","status-publish","format-standard","has-post-thumbnail","hentry","category-nacionales"],"_links":{"self":[{"href":"https:\/\/defrentealaverdad.com\/index.php\/wp-json\/wp\/v2\/posts\/40470","targetHints":{"allow":["GET"]}}],"collection":[{"href":"https:\/\/defrentealaverdad.com\/index.php\/wp-json\/wp\/v2\/posts"}],"about":[{"href":"https:\/\/defrentealaverdad.com\/index.php\/wp-json\/wp\/v2\/types\/post"}],"author":[{"embeddable":true,"href":"https:\/\/defrentealaverdad.com\/index.php\/wp-json\/wp\/v2\/users\/1"}],"replies":[{"embeddable":true,"href":"https:\/\/defrentealaverdad.com\/index.php\/wp-json\/wp\/v2\/comments?post=40470"}],"version-history":[{"count":1,"href":"https:\/\/defrentealaverdad.com\/index.php\/wp-json\/wp\/v2\/posts\/40470\/revisions"}],"predecessor-version":[{"id":40472,"href":"https:\/\/defrentealaverdad.com\/index.php\/wp-json\/wp\/v2\/posts\/40470\/revisions\/40472"}],"wp:featuredmedia":[{"embeddable":true,"href":"https:\/\/defrentealaverdad.com\/index.php\/wp-json\/wp\/v2\/media\/40471"}],"wp:attachment":[{"href":"https:\/\/defrentealaverdad.com\/index.php\/wp-json\/wp\/v2\/media?parent=40470"}],"wp:term":[{"taxonomy":"category","embeddable":true,"href":"https:\/\/defrentealaverdad.com\/index.php\/wp-json\/wp\/v2\/categories?post=40470"},{"taxonomy":"post_tag","embeddable":true,"href":"https:\/\/defrentealaverdad.com\/index.php\/wp-json\/wp\/v2\/tags?post=40470"}],"curies":[{"name":"wp","href":"https:\/\/api.w.org\/{rel}","templated":true}]}}