{"id":40467,"date":"2025-02-27T21:41:23","date_gmt":"2025-02-27T21:41:23","guid":{"rendered":"https:\/\/defrentealaverdad.com\/?p=40467"},"modified":"2025-02-27T21:41:23","modified_gmt":"2025-02-27T21:41:23","slug":"conep-valora-discurso-de-rendicion-de-cuentas-del-presidente-luis-abinader","status":"publish","type":"post","link":"https:\/\/defrentealaverdad.com\/index.php\/2025\/02\/27\/conep-valora-discurso-de-rendicion-de-cuentas-del-presidente-luis-abinader\/","title":{"rendered":"CONEP valora discurso de rendici\u00f3n de cuentas del presidente Luis Abinader"},"content":{"rendered":"<p style=\"text-align: justify;\"><strong>Santo Domingo, R.D.<\/strong> El Consejo Nacional de la Empresa Privada (CONEP) ha valorado positivamente el discurso del presidente Luis Abinader, en su rendici\u00f3n de cuentas ante la Asamblea Nacional, en cumplimiento con el mandato constitucional.<\/p>\n<p style=\"text-align: justify;\">El gremio empresarial valor\u00f3 que en su discurso el mandatario resaltara los aportes del sector privado al crecimiento econ\u00f3mico y al bienestar general de la poblaci\u00f3n, a trav\u00e9s de sus inversiones en materia de turismo, agro, industria, Zonas Francas y otros sectores, as\u00ed como a la solidez del sector financiero. En ese sentido, el presidente del CONEP, Celso Juan Marranzini, expres\u00f3:<\/p>\n<blockquote>\n<p style=\"text-align: justify;\">\u201cDesde el sector privado estamos en la mejor disposici\u00f3n de seguir trabajando y de mantener los fluidos canales de di\u00e1logo para alcanzar la META 2036 planteada por el presidente Abinader para duplicar la econom\u00eda, e impulsar iniciativas que transformen positivamente el bienestar de los dominicanos.\u201d<\/p>\n<\/blockquote>\n<p style=\"text-align: justify;\">Marranzini adem\u00e1s agreg\u00f3:<\/p>\n<blockquote>\n<p style=\"text-align: justify;\">\u201cEstamos frente a una oportunidad extraordinaria de avanzar y para eso debemos trabajar sin cesar para superar retos importantes como la calidad de la educaci\u00f3n, el deficit por las p\u00e9rdidas econ\u00f3micas de las distribuidoras de electricidad del Estado, as\u00ed como la modernizaci\u00f3n del C\u00f3digo Laboral\u201d,<\/p>\n<\/blockquote>\n<p style=\"text-align: justify;\">Adem\u00e1s el presidente del CONEP menciona como desaf\u00edos importantes que deden ser atendidos, la reducci\u00f3n de la informalidad, el aumento de la productividad y la generaci\u00f3n de valor agregado, as\u00ed como el combate a la competencia desleal, entre otros.<\/p>\n<p>El Consejo Nacional de la Empresa Privada (CONEP) que agrupa las principales empresas y organizaciones empresariales del pa\u00eds, entiende que la Rep\u00fablica Dominicana ha probado ser resiliente, y se\u00f1ala que debemos seguir estando muy pendientes a temas que nos afectan; como la amenaza constante que plantea la inestabilidad en Hait\u00ed, as\u00ed como a la variables que podr\u00edan influir en el bienestar de la econom\u00eda global.<\/p>\n<blockquote>\n<p style=\"text-align: justify;\">\u201cValoramos el llamado del presidente Abinader a trabajar juntos de cara a enfrentar los retos que como pa\u00eds tenemos y reiteramos nuestro compromiso y disposici\u00f3n de cara al futuro\u201d, finalmente expres\u00f3 Celso Juan Marranzini.<\/p>\n<\/blockquote>\n<p>Fuente: Prensa CONEP<\/p>\n","protected":false},"excerpt":{"rendered":"<p>Santo Domingo, R.D. El Consejo Nacional de la Empresa Privada (CONEP) ha valorado positivamente el<\/p>\n","protected":false},"author":4,"featured_media":40468,"comment_status":"open","ping_status":"open","sticky":false,"template":"","format":"standard","meta":{"footnotes":""},"categories":[2],"tags":[],"class_list":["post-40467","post","type-post","status-publish","format-standard","has-post-thumbnail","hentry","category-economicas"],"_links":{"self":[{"href":"https:\/\/defrentealaverdad.com\/index.php\/wp-json\/wp\/v2\/posts\/40467","targetHints":{"allow":["GET"]}}],"collection":[{"href":"https:\/\/defrentealaverdad.com\/index.php\/wp-json\/wp\/v2\/posts"}],"about":[{"href":"https:\/\/defrentealaverdad.com\/index.php\/wp-json\/wp\/v2\/types\/post"}],"author":[{"embeddable":true,"href":"https:\/\/defrentealaverdad.com\/index.php\/wp-json\/wp\/v2\/users\/4"}],"replies":[{"embeddable":true,"href":"https:\/\/defrentealaverdad.com\/index.php\/wp-json\/wp\/v2\/comments?post=40467"}],"version-history":[{"count":1,"href":"https:\/\/defrentealaverdad.com\/index.php\/wp-json\/wp\/v2\/posts\/40467\/revisions"}],"predecessor-version":[{"id":40469,"href":"https:\/\/defrentealaverdad.com\/index.php\/wp-json\/wp\/v2\/posts\/40467\/revisions\/40469"}],"wp:featuredmedia":[{"embeddable":true,"href":"https:\/\/defrentealaverdad.com\/index.php\/wp-json\/wp\/v2\/media\/40468"}],"wp:attachment":[{"href":"https:\/\/defrentealaverdad.com\/index.php\/wp-json\/wp\/v2\/media?parent=40467"}],"wp:term":[{"taxonomy":"category","embeddable":true,"href":"https:\/\/defrentealaverdad.com\/index.php\/wp-json\/wp\/v2\/categories?post=40467"},{"taxonomy":"post_tag","embeddable":true,"href":"https:\/\/defrentealaverdad.com\/index.php\/wp-json\/wp\/v2\/tags?post=40467"}],"curies":[{"name":"wp","href":"https:\/\/api.w.org\/{rel}","templated":true}]}}