{"id":40463,"date":"2025-02-26T18:55:30","date_gmt":"2025-02-26T18:55:30","guid":{"rendered":"https:\/\/defrentealaverdad.com\/?p=40463"},"modified":"2025-02-27T18:56:44","modified_gmt":"2025-02-27T18:56:44","slug":"egehid-entrega-una-unidad-de-atencion-primaria-al-servicio-nacional-de-salud","status":"publish","type":"post","link":"https:\/\/defrentealaverdad.com\/index.php\/2025\/02\/26\/egehid-entrega-una-unidad-de-atencion-primaria-al-servicio-nacional-de-salud\/","title":{"rendered":"EGEHID entrega una unidad de atenci\u00f3n primaria al Servicio Nacional de Salud"},"content":{"rendered":"<blockquote>\n<p style=\"text-align: justify;\">Obra de responsabilidad social en T\u00e1bara Abajo, Agua<\/p>\n<\/blockquote>\n<p style=\"text-align: justify;\">SANTO DOMINGO (R.Dominicana).- La Empresa de Generaci\u00f3n Hidroel\u00e9ctrica Dominicana (EGEHID) traspas\u00f3 al Servicio Nacional de Salud (SNS) un Centro de Atenci\u00f3n Primaria construido como parte de su responsabilidad social corporativa, en el distrito municipal de T\u00e1bara Abajo, provincia de Azua<\/p>\n<p style=\"text-align: justify;\">La entrega fue formalizada con la firma de un acuerdo entre ambas entidades, en el cual se establece que la EGEHID traspasa de forma gratuita y definitiva para su uso, disposici\u00f3n, administraci\u00f3n y operaci\u00f3n la unidad en la indicada localidad.<\/p>\n<p style=\"text-align: justify;\">El administrador general de EGEHID, ingeniero Rafael Salazar, y el director del SNS, doctor Mario Lama, firmaron el acuerdo, en un acto en el que estuvo presente la presidenta del Consejo de Administraci\u00f3n de la empresa energ\u00e9tica estatal, doctora Rosa Ysabel Ru\u00edz<\/p>\n<p style=\"text-align: justify;\">Esta obra se enmarca en el Programa de Responsabilidad Social Corporativa de la EGEHID, que tiene como objetivo contribuir a elevar la calidad de vida en las poblaciones aleda\u00f1as a los complejos hidroel\u00e9ctricos y para la misma la empresa erog\u00f3 RD$ 7,000,000.00<\/p>\n<p style=\"text-align: justify;\">La edificaci\u00f3n consiste en un centro de atenci\u00f3n primaria y residencia para m\u00e9dicos y enfermeras, ambos construidos en hormig\u00f3n armado y completamente amueblados.<\/p>\n<p style=\"text-align: justify;\">El centro cuenta con una sala de espera, \u00e1rea de emergencias, tres consultorios, \u00e1rea de vacunas, farmacia, ba\u00f1os y archivo.<\/p>\n<p style=\"text-align: justify;\">En tanto que, la residencia para m\u00e9dicos y enfermeras est\u00e1 equipada con una cocina, sala\/comedor y dos habitaciones con sus ba\u00f1os y closets.<\/p>\n<p style=\"text-align: justify;\">El inmueble fue edificado en un \u00e1rea de 1400 metros cuadrados. El \u00e1rea de construcci\u00f3n es de 290.84 metros y posee verja perimetral, parqueos, cisterna, iluminaci\u00f3n y jardineras.<\/p>\n<p>Fuente: Prensa EGEHID<\/p>\n","protected":false},"excerpt":{"rendered":"<p>Obra de responsabilidad social en T\u00e1bara Abajo, Agua SANTO DOMINGO (R.Dominicana).- La Empresa de Generaci\u00f3n<\/p>\n","protected":false},"author":1,"featured_media":40464,"comment_status":"open","ping_status":"open","sticky":false,"template":"","format":"standard","meta":{"footnotes":""},"categories":[7],"tags":[],"class_list":["post-40463","post","type-post","status-publish","format-standard","has-post-thumbnail","hentry","category-nacionales"],"_links":{"self":[{"href":"https:\/\/defrentealaverdad.com\/index.php\/wp-json\/wp\/v2\/posts\/40463","targetHints":{"allow":["GET"]}}],"collection":[{"href":"https:\/\/defrentealaverdad.com\/index.php\/wp-json\/wp\/v2\/posts"}],"about":[{"href":"https:\/\/defrentealaverdad.com\/index.php\/wp-json\/wp\/v2\/types\/post"}],"author":[{"embeddable":true,"href":"https:\/\/defrentealaverdad.com\/index.php\/wp-json\/wp\/v2\/users\/1"}],"replies":[{"embeddable":true,"href":"https:\/\/defrentealaverdad.com\/index.php\/wp-json\/wp\/v2\/comments?post=40463"}],"version-history":[{"count":1,"href":"https:\/\/defrentealaverdad.com\/index.php\/wp-json\/wp\/v2\/posts\/40463\/revisions"}],"predecessor-version":[{"id":40465,"href":"https:\/\/defrentealaverdad.com\/index.php\/wp-json\/wp\/v2\/posts\/40463\/revisions\/40465"}],"wp:featuredmedia":[{"embeddable":true,"href":"https:\/\/defrentealaverdad.com\/index.php\/wp-json\/wp\/v2\/media\/40464"}],"wp:attachment":[{"href":"https:\/\/defrentealaverdad.com\/index.php\/wp-json\/wp\/v2\/media?parent=40463"}],"wp:term":[{"taxonomy":"category","embeddable":true,"href":"https:\/\/defrentealaverdad.com\/index.php\/wp-json\/wp\/v2\/categories?post=40463"},{"taxonomy":"post_tag","embeddable":true,"href":"https:\/\/defrentealaverdad.com\/index.php\/wp-json\/wp\/v2\/tags?post=40463"}],"curies":[{"name":"wp","href":"https:\/\/api.w.org\/{rel}","templated":true}]}}