{"id":40460,"date":"2025-02-26T18:53:50","date_gmt":"2025-02-26T18:53:50","guid":{"rendered":"https:\/\/defrentealaverdad.com\/?p=40460"},"modified":"2025-02-27T18:54:52","modified_gmt":"2025-02-27T18:54:52","slug":"periodista-vargavila-riveron-recibe-reconocimiento-de-asamblea-estatal-de-new-york-y-camara-de-comercio-en-ee-uu-por-sus-aportes-a-la-comunicacion","status":"publish","type":"post","link":"https:\/\/defrentealaverdad.com\/index.php\/2025\/02\/26\/periodista-vargavila-riveron-recibe-reconocimiento-de-asamblea-estatal-de-new-york-y-camara-de-comercio-en-ee-uu-por-sus-aportes-a-la-comunicacion\/","title":{"rendered":"Periodista Vargavila River\u00f3n recibe reconocimiento de Asamblea Estatal de New York y C\u00e1mara de Comercio en EE.UU por sus aportes a la comunicaci\u00f3n"},"content":{"rendered":"<p style=\"text-align: justify;\">New York,EE.UU.-La Asamblea Estatal de Nueva York y la Dominican USA Chamber Of Commerce, reconocieron al periodista Vargavila River\u00f3n, por sus aportes a la comunicaci\u00f3n y al periodismo en la Rep\u00fablica Dominicana y el exterior.<\/p>\n<p style=\"text-align: justify;\">River\u00f3n, recibi\u00f3 las distinciones durante en el encuentro titulado \u201cValor Dominicano\u201d celebrado en el Restaurant 809 Lounge de Nueva York, a donde asistieron destacados l\u00edderes de la comunidad dominicana en los Estados Unidos de Am\u00e9rica.<\/p>\n<p style=\"text-align: justify;\">Al entregar ambas condecoraciones, Christopher Espinoza en representaci\u00f3n del asamble\u00edsta estatal de Nueva York, Manny De Los Santos y la presidenta de la Dominican USA Chamber Of Commerce, Elida Almonte, elogiaron la trayectoria profesional y el comportamiento \u00e9tico del comunicador, en la defensa y promoci\u00f3n de los valores que fundamentan el compromiso social del ejercicio period\u00edstico, adem\u00e1s de su permanente defensa a la comunidad dominicana en el exterior.<\/p>\n<blockquote>\n<p style=\"text-align: justify;\">\u201cPara nosotros constituye un gran honor presentar este reconocimiento al periodista Vargavila River\u00f3n en el 181 aniversario de la Independencia Dominicana como un \u201cValor Dominicano\u201d, por sus aportes en el \u00e1rea de la comunicaci\u00f3n en la Rep\u00fablica Dominicana\u201d, expresa el m\u00e9rito otorgado por la C\u00e1mara de Comercio.<\/p>\n<\/blockquote>\n<p style=\"text-align: justify;\">En tanto, que la Asamblea Estatal de Nueva York resalta la contribuci\u00f3n de River\u00f3n al periodismo y su impacto positivo en los valores sociales y la educaci\u00f3n, que inciden en forjar una mejor sociedad.<\/p>\n<p style=\"text-align: justify;\">Por su parte, el joven periodista, analista internacional y experto en temas fronterizos, agradeci\u00f3 el gesto de valorar su trabajo y expres\u00f3 que estos reconocimientos simbolizan un mayor compromiso social, para seguir promoviendo un modelo de comunicaci\u00f3n que sirva de paradigma a las presentes y futuras generaciones en el pa\u00eds y el mundo.<\/p>\n<blockquote>\n<p style=\"text-align: justify;\">\u201cSiempre he sentido una profunda admiraci\u00f3n y un gran respeto por ustedes los dominicanos que viven en el exterior, porque a pesar de que salieron en busca de mejores horizontes, nunca se olvidan de sus ra\u00edces, son y siempre ser\u00e1n un eje fundamental para el desarrollo de nuestra naci\u00f3n y un orgullo; agradezco infinitamente est\u00e1 distinci\u00f3n y me comprometen a continuar haciendo un ejercicio de comunicaci\u00f3n responsable, serio y transparente\u201d, expres\u00f3 Vargavila River\u00f3n.<\/p>\n<\/blockquote>\n<p style=\"text-align: justify;\">Durante el acto, tambi\u00e9n fue reconocida la periodista Colombia Alc\u00e1ntara, CEO y directora de la plataforma Al Tanto TV, por sus m\u00faltiples aportes a la comunicaci\u00f3n.<\/p>\n<p>Fuente: Externa<\/p>\n","protected":false},"excerpt":{"rendered":"<p>New York,EE.UU.-La Asamblea Estatal de Nueva York y la Dominican USA Chamber Of Commerce, reconocieron<\/p>\n","protected":false},"author":1,"featured_media":40461,"comment_status":"open","ping_status":"open","sticky":false,"template":"","format":"standard","meta":{"footnotes":""},"categories":[7],"tags":[],"class_list":["post-40460","post","type-post","status-publish","format-standard","has-post-thumbnail","hentry","category-nacionales"],"_links":{"self":[{"href":"https:\/\/defrentealaverdad.com\/index.php\/wp-json\/wp\/v2\/posts\/40460","targetHints":{"allow":["GET"]}}],"collection":[{"href":"https:\/\/defrentealaverdad.com\/index.php\/wp-json\/wp\/v2\/posts"}],"about":[{"href":"https:\/\/defrentealaverdad.com\/index.php\/wp-json\/wp\/v2\/types\/post"}],"author":[{"embeddable":true,"href":"https:\/\/defrentealaverdad.com\/index.php\/wp-json\/wp\/v2\/users\/1"}],"replies":[{"embeddable":true,"href":"https:\/\/defrentealaverdad.com\/index.php\/wp-json\/wp\/v2\/comments?post=40460"}],"version-history":[{"count":1,"href":"https:\/\/defrentealaverdad.com\/index.php\/wp-json\/wp\/v2\/posts\/40460\/revisions"}],"predecessor-version":[{"id":40462,"href":"https:\/\/defrentealaverdad.com\/index.php\/wp-json\/wp\/v2\/posts\/40460\/revisions\/40462"}],"wp:featuredmedia":[{"embeddable":true,"href":"https:\/\/defrentealaverdad.com\/index.php\/wp-json\/wp\/v2\/media\/40461"}],"wp:attachment":[{"href":"https:\/\/defrentealaverdad.com\/index.php\/wp-json\/wp\/v2\/media?parent=40460"}],"wp:term":[{"taxonomy":"category","embeddable":true,"href":"https:\/\/defrentealaverdad.com\/index.php\/wp-json\/wp\/v2\/categories?post=40460"},{"taxonomy":"post_tag","embeddable":true,"href":"https:\/\/defrentealaverdad.com\/index.php\/wp-json\/wp\/v2\/tags?post=40460"}],"curies":[{"name":"wp","href":"https:\/\/api.w.org\/{rel}","templated":true}]}}