{"id":4046,"date":"2023-03-28T16:10:42","date_gmt":"2023-03-28T16:10:42","guid":{"rendered":"https:\/\/defrentealaverdad.com\/?p=4046"},"modified":"2023-03-29T16:12:00","modified_gmt":"2023-03-29T16:12:00","slug":"embajada-de-ee-uu-en-rd-hablara-sobre-sus-servicios-consulares-en-un-instagram-live","status":"publish","type":"post","link":"https:\/\/defrentealaverdad.com\/index.php\/2023\/03\/28\/embajada-de-ee-uu-en-rd-hablara-sobre-sus-servicios-consulares-en-un-instagram-live\/","title":{"rendered":"Embajada de EE.UU. en RD hablar\u00e1 sobre sus servicios consulares en un \u00abInstagram live\u00bb"},"content":{"rendered":"<p><img decoding=\"async\" class=\"aligncenter lazyload\" data-src=\"https:\/\/resources.diariolibre.com\/images\/2022\/09\/28\/crop-w558-h372-gregsegas-bcb54659-focus-0-0-895-573.png\" alt=\"Embajada de EE.UU. en RD hablar\u00e1 sobre sus servicios consulares en un Instagram live\" src=\"data:image\/svg+xml;base64,PHN2ZyB3aWR0aD0iMSIgaGVpZ2h0PSIxIiB4bWxucz0iaHR0cDovL3d3dy53My5vcmcvMjAwMC9zdmciPjwvc3ZnPg==\" \/><\/p>\n<p style=\"text-align: justify;\">La Embajada de los Estados Unidos en Santo Domingo anunci\u00f3 este martes un nuevo \u00abInstagram Live\u00bb, en esta ocasi\u00f3n para abordar las inquietudes sobre servicios consulares que tengan sus seguidores en la popular red social.<\/p>\n<p style=\"text-align: justify;\">El \u00aben vivo\u00bb se llevar\u00e1 a cabo el mi\u00e9rcoles 29 de marzo a las 5:00 de la tarde y estar\u00e1 a cargo de Greg Segas, quien fung\u00eda como el c\u00f3nsul general de la Embajada estadounidense y, tras la salida de Robert Thomas, asumi\u00f3 el cargo de ministro consejero interino.<\/p>\n<p style=\"text-align: justify;\">Segas estar\u00e1 acompa\u00f1ado de Yomaris Macdonald, quien asumi\u00f3, tambi\u00e9n de forma interina, el cargo de c\u00f3nsul.<\/p>\n<p style=\"text-align: justify;\">\u00abEstaremos compartiendo con ustedes y respondiendo a sus preguntas sobre nuestros servicios consulares\u00bb, dijo Macdonald en un audiovisual compartido en las diferentes redes sociales de la Embajada y en el que aparecen ambos funcionarios diplom\u00e1ticos.<\/p>\n<p style=\"text-align: justify;\">\n<p>Fuente: Diario Libre<\/p>\n","protected":false},"excerpt":{"rendered":"<p>La Embajada de los Estados Unidos en Santo Domingo anunci\u00f3 este martes un nuevo \u00abInstagram<\/p>\n","protected":false},"author":1,"featured_media":0,"comment_status":"open","ping_status":"open","sticky":false,"template":"","format":"standard","meta":{"footnotes":""},"categories":[16],"tags":[],"class_list":["post-4046","post","type-post","status-publish","format-standard","hentry","category-internacionales"],"_links":{"self":[{"href":"https:\/\/defrentealaverdad.com\/index.php\/wp-json\/wp\/v2\/posts\/4046","targetHints":{"allow":["GET"]}}],"collection":[{"href":"https:\/\/defrentealaverdad.com\/index.php\/wp-json\/wp\/v2\/posts"}],"about":[{"href":"https:\/\/defrentealaverdad.com\/index.php\/wp-json\/wp\/v2\/types\/post"}],"author":[{"embeddable":true,"href":"https:\/\/defrentealaverdad.com\/index.php\/wp-json\/wp\/v2\/users\/1"}],"replies":[{"embeddable":true,"href":"https:\/\/defrentealaverdad.com\/index.php\/wp-json\/wp\/v2\/comments?post=4046"}],"version-history":[{"count":1,"href":"https:\/\/defrentealaverdad.com\/index.php\/wp-json\/wp\/v2\/posts\/4046\/revisions"}],"predecessor-version":[{"id":4047,"href":"https:\/\/defrentealaverdad.com\/index.php\/wp-json\/wp\/v2\/posts\/4046\/revisions\/4047"}],"wp:attachment":[{"href":"https:\/\/defrentealaverdad.com\/index.php\/wp-json\/wp\/v2\/media?parent=4046"}],"wp:term":[{"taxonomy":"category","embeddable":true,"href":"https:\/\/defrentealaverdad.com\/index.php\/wp-json\/wp\/v2\/categories?post=4046"},{"taxonomy":"post_tag","embeddable":true,"href":"https:\/\/defrentealaverdad.com\/index.php\/wp-json\/wp\/v2\/tags?post=4046"}],"curies":[{"name":"wp","href":"https:\/\/api.w.org\/{rel}","templated":true}]}}