{"id":40457,"date":"2025-02-26T18:52:22","date_gmt":"2025-02-26T18:52:22","guid":{"rendered":"https:\/\/defrentealaverdad.com\/?p=40457"},"modified":"2025-02-27T18:52:45","modified_gmt":"2025-02-27T18:52:45","slug":"hogar-crea-dominicano-y-el-ministerio-de-deportes-inician-jornada-deportiva","status":"publish","type":"post","link":"https:\/\/defrentealaverdad.com\/index.php\/2025\/02\/26\/hogar-crea-dominicano-y-el-ministerio-de-deportes-inician-jornada-deportiva\/","title":{"rendered":"Hogar Crea Dominicano y el Ministerio de Deportes inician jornada deportiva.\u00a0"},"content":{"rendered":"<p style=\"text-align: justify;\">Santo Domingo.- Hogar Crea Dominicano y el Ministerio de Deportes inician jornada deportiva y recreativa para los residentes que pertenecen a las diferentes filiales que componen la Regi\u00f3n Norte Cibao.<\/p>\n<p style=\"text-align: justify;\">Est\u00e1s jornadas tienen un valor agregado para sus residentes y es el de poder disipar inclinaciones que vaya en detrimento de su salud y bienestar personal y familiar.<\/p>\n<p style=\"text-align: justify;\">De su lado el director ejecutivo de Hogar Crea Julio D\u00edaz Capellan indic\u00f3 que esta instituci\u00f3n trabaja arduamente para en el desarrollo de estas iniciativas as\u00ed como la implementaci\u00f3n de diversas actividades que conlleven con la Salud de las personas inmersas en el consumo de las drogas.<\/p>\n<p style=\"text-align: justify;\">El Viceministro de Deporte Evaristo P\u00e9rez puso en claro la importancia de los deportes en la juventud y a su vez hace un llamado a la poblaci\u00f3n que conforma los Hogares Crea incluyendo sus directivos a que juntos trabajen en favor de esta iniciativa que es favorable para el buen desenvolvimiento presente y futuro de nuestra juventud.<\/p>\n<p>Fuente: Hogar Crea RD<\/p>\n","protected":false},"excerpt":{"rendered":"<p>Santo Domingo.- Hogar Crea Dominicano y el Ministerio de Deportes inician jornada deportiva y recreativa<\/p>\n","protected":false},"author":4,"featured_media":40459,"comment_status":"open","ping_status":"open","sticky":false,"template":"","format":"standard","meta":{"footnotes":""},"categories":[7],"tags":[],"class_list":["post-40457","post","type-post","status-publish","format-standard","has-post-thumbnail","hentry","category-nacionales"],"_links":{"self":[{"href":"https:\/\/defrentealaverdad.com\/index.php\/wp-json\/wp\/v2\/posts\/40457","targetHints":{"allow":["GET"]}}],"collection":[{"href":"https:\/\/defrentealaverdad.com\/index.php\/wp-json\/wp\/v2\/posts"}],"about":[{"href":"https:\/\/defrentealaverdad.com\/index.php\/wp-json\/wp\/v2\/types\/post"}],"author":[{"embeddable":true,"href":"https:\/\/defrentealaverdad.com\/index.php\/wp-json\/wp\/v2\/users\/4"}],"replies":[{"embeddable":true,"href":"https:\/\/defrentealaverdad.com\/index.php\/wp-json\/wp\/v2\/comments?post=40457"}],"version-history":[{"count":1,"href":"https:\/\/defrentealaverdad.com\/index.php\/wp-json\/wp\/v2\/posts\/40457\/revisions"}],"predecessor-version":[{"id":40458,"href":"https:\/\/defrentealaverdad.com\/index.php\/wp-json\/wp\/v2\/posts\/40457\/revisions\/40458"}],"wp:featuredmedia":[{"embeddable":true,"href":"https:\/\/defrentealaverdad.com\/index.php\/wp-json\/wp\/v2\/media\/40459"}],"wp:attachment":[{"href":"https:\/\/defrentealaverdad.com\/index.php\/wp-json\/wp\/v2\/media?parent=40457"}],"wp:term":[{"taxonomy":"category","embeddable":true,"href":"https:\/\/defrentealaverdad.com\/index.php\/wp-json\/wp\/v2\/categories?post=40457"},{"taxonomy":"post_tag","embeddable":true,"href":"https:\/\/defrentealaverdad.com\/index.php\/wp-json\/wp\/v2\/tags?post=40457"}],"curies":[{"name":"wp","href":"https:\/\/api.w.org\/{rel}","templated":true}]}}