{"id":40454,"date":"2025-02-27T18:46:21","date_gmt":"2025-02-27T18:46:21","guid":{"rendered":"https:\/\/defrentealaverdad.com\/?p=40454"},"modified":"2025-02-27T18:46:21","modified_gmt":"2025-02-27T18:46:21","slug":"adoexpo-celebra-crecimiento-record-de-las-exportaciones-citado-en-el-discurso-presidencial","status":"publish","type":"post","link":"https:\/\/defrentealaverdad.com\/index.php\/2025\/02\/27\/adoexpo-celebra-crecimiento-record-de-las-exportaciones-citado-en-el-discurso-presidencial\/","title":{"rendered":"ADOEXPO celebra crecimiento r\u00e9cord de las exportaciones citado en el discurso presidencial"},"content":{"rendered":"<p style=\"text-align: justify;\"><strong>Santo Domingo, D.N.-La<\/strong> Asociaci\u00f3n Dominicana de Exportadores (ADOEXPO) expres\u00f3 su satisfacci\u00f3n por los logros alcanzados en el sector exportador durante el a\u00f1o 2024, destacados por el presidente de la Rep\u00fablica en su discurso de rendici\u00f3n de cuentas ante la Asamblea Nacional.<\/p>\n<p style=\"text-align: justify;\">Roselyn Amaro Berg\u00e9s, vicepresidenta ejecutiva de ADOEXPO, resalt\u00f3 el crecimiento r\u00e9cord de las exportaciones dominicanas, que alcanzaron alrededor de 13,000 millones de d\u00f3lares, un aumento significativo respecto a 2023.<\/p>\n<blockquote>\n<p style=\"text-align: justify;\">\u201cEstos resultados demuestran la resiliencia y el dinamismo del sector exportador dominicano, que ha sabido sortear los desaf\u00edos de la econom\u00eda global y consolidarse como un motor fundamental del desarrollo nacional\u201d, afirm\u00f3.<\/p>\n<\/blockquote>\n<p style=\"text-align: justify;\">La vicepresidenta ejecutiva de ADOEXPO tambi\u00e9n destac\u00f3 el crecimiento de las exportaciones de zonas francas, que superan los 8,600 millones de d\u00f3lares, y el desempe\u00f1o positivo de sectores como el tabaco y otros productos agropecuarios.<\/p>\n<blockquote>\n<p style=\"text-align: justify;\">\u201cEs importante reconocer el esfuerzo de los productores y exportadores dominicanos, que con su trabajo y dedicaci\u00f3n han contribuido a estos logros\u201d, a\u00f1adi\u00f3.<\/p>\n<\/blockquote>\n<p style=\"text-align: justify;\">ADOEXPO valor\u00f3 positivamente las medidas implementadas por el gobierno para fortalecer el sector exportador, como la apertura de nuevos mercados, la facilitaci\u00f3n del comercio y la promoci\u00f3n de la inversi\u00f3n extranjera.<\/p>\n<blockquote>\n<p style=\"text-align: justify;\">\u201cConfiamos en que el gobierno continuar\u00e1 apoyando al sector exportador para que siga creciendo y generando empleos y divisas para el pa\u00eds\u201d, concluy\u00f3 Amaro Berg\u00e9s.<\/p>\n<\/blockquote>\n<p style=\"text-align: justify;\">La Asociaci\u00f3n Dominicana de Exportadores reiter\u00f3 su compromiso de trabajar junto al gobierno y dem\u00e1s actores del sector para impulsar la diversificaci\u00f3n y competitividad de las exportaciones dominicanas, y contribuir as\u00ed al desarrollo econ\u00f3mico y social del pa\u00eds.<\/p>\n<p>&nbsp;<\/p>\n<p>Fuente: Prensa ADOEXPO<\/p>\n","protected":false},"excerpt":{"rendered":"<p>Santo Domingo, D.N.-La Asociaci\u00f3n Dominicana de Exportadores (ADOEXPO) expres\u00f3 su satisfacci\u00f3n por los logros alcanzados<\/p>\n","protected":false},"author":4,"featured_media":40455,"comment_status":"open","ping_status":"open","sticky":false,"template":"","format":"standard","meta":{"footnotes":""},"categories":[7],"tags":[],"class_list":["post-40454","post","type-post","status-publish","format-standard","has-post-thumbnail","hentry","category-nacionales"],"_links":{"self":[{"href":"https:\/\/defrentealaverdad.com\/index.php\/wp-json\/wp\/v2\/posts\/40454","targetHints":{"allow":["GET"]}}],"collection":[{"href":"https:\/\/defrentealaverdad.com\/index.php\/wp-json\/wp\/v2\/posts"}],"about":[{"href":"https:\/\/defrentealaverdad.com\/index.php\/wp-json\/wp\/v2\/types\/post"}],"author":[{"embeddable":true,"href":"https:\/\/defrentealaverdad.com\/index.php\/wp-json\/wp\/v2\/users\/4"}],"replies":[{"embeddable":true,"href":"https:\/\/defrentealaverdad.com\/index.php\/wp-json\/wp\/v2\/comments?post=40454"}],"version-history":[{"count":1,"href":"https:\/\/defrentealaverdad.com\/index.php\/wp-json\/wp\/v2\/posts\/40454\/revisions"}],"predecessor-version":[{"id":40456,"href":"https:\/\/defrentealaverdad.com\/index.php\/wp-json\/wp\/v2\/posts\/40454\/revisions\/40456"}],"wp:featuredmedia":[{"embeddable":true,"href":"https:\/\/defrentealaverdad.com\/index.php\/wp-json\/wp\/v2\/media\/40455"}],"wp:attachment":[{"href":"https:\/\/defrentealaverdad.com\/index.php\/wp-json\/wp\/v2\/media?parent=40454"}],"wp:term":[{"taxonomy":"category","embeddable":true,"href":"https:\/\/defrentealaverdad.com\/index.php\/wp-json\/wp\/v2\/categories?post=40454"},{"taxonomy":"post_tag","embeddable":true,"href":"https:\/\/defrentealaverdad.com\/index.php\/wp-json\/wp\/v2\/tags?post=40454"}],"curies":[{"name":"wp","href":"https:\/\/api.w.org\/{rel}","templated":true}]}}