{"id":40444,"date":"2025-02-25T18:22:39","date_gmt":"2025-02-25T18:22:39","guid":{"rendered":"https:\/\/defrentealaverdad.com\/?p=40444"},"modified":"2025-02-27T18:24:33","modified_gmt":"2025-02-27T18:24:33","slug":"director-de-la-digesett-reinaugura-centro-de-retencion-vehicular-crv-de-villa-mella","status":"publish","type":"post","link":"https:\/\/defrentealaverdad.com\/index.php\/2025\/02\/25\/director-de-la-digesett-reinaugura-centro-de-retencion-vehicular-crv-de-villa-mella\/","title":{"rendered":"Director de la DIGESETT reinaugura Centro de Retenci\u00f3n Vehicular (CRV) de Villa Mella"},"content":{"rendered":"<p style=\"text-align: justify;\"><strong>Villa Mella.<\/strong> -El titular de la Direcci\u00f3n General de Seguridad de Tr\u00e1nsito y Transporte Terrestre (DIGESETT), general Francisco Osoria de la Cruz, P.N., llev\u00f3 a cabo hoy la reinauguraci\u00f3n del Centro de Retenci\u00f3n Vehicular de Villa Mella (La 28), con el objetivo de brindar un servicio de calidad a los ciudadanos.<\/p>\n<p style=\"text-align: justify;\">La ceremonia inici\u00f3 con la bendici\u00f3n de Dios, a cargo del p\u00e1rroco Roberto Mart\u00ednez de los Santos y cont\u00f3 con la destacada presencia del director regional de la Polic\u00eda Nacional en Santo Domingo Norte, general Julio C\u00e9sar Acosta y en representaci\u00f3n de la alcaldesa, Betty Ger\u00f3nimo, el vicealcalde Leandro Mej\u00eda<\/p>\n<p style=\"text-align: justify;\">Durante su intervenci\u00f3n, el general Osoria enfatiz\u00f3 el compromiso del gobierno y de la DIGESETT por optimizar los servicios brindados a la poblaci\u00f3n, haciendo hincapi\u00e9 en la atenci\u00f3n y el respeto hacia los ciudadanos en el proceso de retiro de veh\u00edculos.<\/p>\n<blockquote>\n<p style=\"text-align: justify;\">\u201cEstamos entregando un Centro de Retenci\u00f3n totalmente remozado. Poco a poco estamos transformando los servicios que ofrecemos a la ciudadan\u00eda\u201d, afirm\u00f3 el general Osoria.<\/p>\n<\/blockquote>\n<p style=\"text-align: justify;\">El renovado centro cuenta con m\u00faltiples mejoras, incluyendo una sala de espera techada, una oficina de digitaci\u00f3n y monitoreo equipada con c\u00e1maras de videovigilancia, computadoras e internet de fibra \u00f3ptica. Tambi\u00e9n se han habilitado oficinas para el encargado, un \u00e1rea de dormitorio para los agentes, ba\u00f1os y un espacio organizado en bloques para la retenci\u00f3n de veh\u00edculos.<\/p>\n<p style=\"text-align: justify;\">La reinauguraci\u00f3n, los presentes apreciaron esta nueva etapa del Centro de Retenci\u00f3n Vehicular de Villa Mella, que se alinea con el objetivo de promover un servicio de calidad, respeto y cumplimiento de las normativas de tr\u00e1nsito.<\/p>\n<p style=\"text-align: justify;\">El evento culmin\u00f3 con un simb\u00f3lico corte de cinta y un recorrido por las instalaciones, donde el general Osoria present\u00f3 las mejoras implementadas y los diversos servicios que el centro ofrecer\u00e1 a la ciudadan\u00eda.<\/p>\n<p>Fuente: Depto.\u00a0 Com. DIGESETT<\/p>\n","protected":false},"excerpt":{"rendered":"<p>Villa Mella. -El titular de la Direcci\u00f3n General de Seguridad de Tr\u00e1nsito y Transporte Terrestre<\/p>\n","protected":false},"author":1,"featured_media":40446,"comment_status":"open","ping_status":"open","sticky":false,"template":"","format":"standard","meta":{"footnotes":""},"categories":[7],"tags":[],"class_list":["post-40444","post","type-post","status-publish","format-standard","has-post-thumbnail","hentry","category-nacionales"],"_links":{"self":[{"href":"https:\/\/defrentealaverdad.com\/index.php\/wp-json\/wp\/v2\/posts\/40444","targetHints":{"allow":["GET"]}}],"collection":[{"href":"https:\/\/defrentealaverdad.com\/index.php\/wp-json\/wp\/v2\/posts"}],"about":[{"href":"https:\/\/defrentealaverdad.com\/index.php\/wp-json\/wp\/v2\/types\/post"}],"author":[{"embeddable":true,"href":"https:\/\/defrentealaverdad.com\/index.php\/wp-json\/wp\/v2\/users\/1"}],"replies":[{"embeddable":true,"href":"https:\/\/defrentealaverdad.com\/index.php\/wp-json\/wp\/v2\/comments?post=40444"}],"version-history":[{"count":1,"href":"https:\/\/defrentealaverdad.com\/index.php\/wp-json\/wp\/v2\/posts\/40444\/revisions"}],"predecessor-version":[{"id":40445,"href":"https:\/\/defrentealaverdad.com\/index.php\/wp-json\/wp\/v2\/posts\/40444\/revisions\/40445"}],"wp:featuredmedia":[{"embeddable":true,"href":"https:\/\/defrentealaverdad.com\/index.php\/wp-json\/wp\/v2\/media\/40446"}],"wp:attachment":[{"href":"https:\/\/defrentealaverdad.com\/index.php\/wp-json\/wp\/v2\/media?parent=40444"}],"wp:term":[{"taxonomy":"category","embeddable":true,"href":"https:\/\/defrentealaverdad.com\/index.php\/wp-json\/wp\/v2\/categories?post=40444"},{"taxonomy":"post_tag","embeddable":true,"href":"https:\/\/defrentealaverdad.com\/index.php\/wp-json\/wp\/v2\/tags?post=40444"}],"curies":[{"name":"wp","href":"https:\/\/api.w.org\/{rel}","templated":true}]}}