{"id":40440,"date":"2025-02-25T18:14:38","date_gmt":"2025-02-25T18:14:38","guid":{"rendered":"https:\/\/defrentealaverdad.com\/?p=40440"},"modified":"2025-02-27T18:17:53","modified_gmt":"2025-02-27T18:17:53","slug":"gobierno-y-organismos-internacionales-crean-mesa-tecnica-interinstitucional-de-sequia","status":"publish","type":"post","link":"https:\/\/defrentealaverdad.com\/index.php\/2025\/02\/25\/gobierno-y-organismos-internacionales-crean-mesa-tecnica-interinstitucional-de-sequia\/","title":{"rendered":"Gobierno y organismos internacionales crean Mesa T\u00e9cnica Interinstitucional de Sequ\u00eda"},"content":{"rendered":"<blockquote>\n<p style=\"text-align: justify;\">Durante la \u00faltima d\u00e9cada, las sequ\u00edas han tenido un profundo impacto en la producci\u00f3n mundial de alimentos, afectando la seguridad alimentaria y elevando los precios globales. La FAO estima que, en este per\u00edodo, las sequ\u00edas fueron responsables del 34% de las p\u00e9rdidas en la producci\u00f3n agr\u00edcola a nivel mundial.<\/p>\n<\/blockquote>\n<p style=\"text-align: justify;\">Santo Domingo. Con el prop\u00f3sito de fortalecer la planificaci\u00f3n, implementaci\u00f3n y monitoreo de estrategias para prevenir y mitigar los efectos de la sequ\u00eda, el <strong>Gobierno Dominicano,<\/strong> junto a la Organizaci\u00f3n de las Naciones Unidas para la Alimentaci\u00f3n y la Agricultura <strong>(FAO)<\/strong> y el Programa Mundial de Alimentos <strong>(PMA),lanz\u00f3<\/strong> la Mesa T\u00e9cnica Interinstitucional de Sequ\u00eda. Este espacio busca garantizar una respuesta oportuna y eficaz frente a este fen\u00f3meno, que afecta la agricultura, la seguridad alimentaria, la generaci\u00f3n el\u00e9ctrica y el acceso al agua potable<\/p>\n<p style=\"text-align: justify;\">La sequ\u00eda representa un desaf\u00edo recurrente para la Rep\u00fablica Dominicana, cuyos efectos se intensifican debido al cambio clim\u00e1tico. En respuesta, la Mesa T\u00e9cnica se consolida como un mecanismo de coordinaci\u00f3n entre instituciones clave para gestionar el riesgo y mitigar sus impactos.<\/p>\n<blockquote>\n<p style=\"text-align: justify;\">\u201cEsta mesa es fundamental para que, desde el Gobierno y junto con los productores, podamos anticiparnos, planificar y utilizar de forma m\u00e1s eficiente el agua disponible. Nuestro objetivo es mejorar la productividad agr\u00edcola y garantizar que este recurso vital llegue a quienes m\u00e1s lo necesitan\u201d, expres\u00f3 Limber Cruz, ministro de Agricultura.<\/p>\n<\/blockquote>\n<p style=\"text-align: justify;\">Por su parte, Luis Madera, viceministro de la Presidencia, destac\u00f3 la importancia de la articulaci\u00f3n interinstitucional:<\/p>\n<blockquote>\n<p style=\"text-align: justify;\">\u201cEste espacio debe convertirse en un instrumento eficaz de coordinaci\u00f3n, cuyas acciones permitan mejorar el acceso al agua para las poblaciones m\u00e1s vulnerables. Gestionar este recurso de manera responsable es esencial para garantizar el bienestar y la seguridad alimentaria de nuestra gente\u201d.<\/p>\n<\/blockquote>\n<p style=\"text-align: justify;\">La viceministra para el cambio clim\u00e1tico y sostenibilidad del Ministerio de Medio Ambiente, Ana Emilia Pimentel, salud\u00f3 la iniciativa y valor\u00f3 su importancia reconociendo que los cambios que est\u00e1 experimentando el clima amerita poner mayor atenci\u00f3n a las sequ\u00edas como un factor que interviene en los procesos de degradaci\u00f3n de la tierra y que contribuye adem\u00e1s con la intensificaci\u00f3n de los incendios forestales.<\/p>\n<p style=\"text-align: justify;\">En la misma l\u00ednea, Rodrigo Casta\u00f1eda, representante de la FAO en la Rep\u00fablica Dominicana, subray\u00f3 la relaci\u00f3n entre la gesti\u00f3n del agua y la lucha contra el hambre:<\/p>\n<blockquote>\n<p style=\"text-align: justify;\">\u201cNo podemos garantizar la seguridad alimentaria sin una gesti\u00f3n eficiente del agua, el cuidado del suelo y la adaptaci\u00f3n de nuestros sistemas agroalimentarios a un clima cada vez m\u00e1s impredecible. La creaci\u00f3n de esta Mesa T\u00e9cnica fortalecer\u00e1 la gesti\u00f3n del riesgo, promover\u00e1 el di\u00e1logo y contribuir\u00e1 a la formulaci\u00f3n de pol\u00edticas p\u00fablicas basadas en evidencia cient\u00edfica\u201d.<\/p>\n<\/blockquote>\n<p style=\"text-align: justify;\">Finalmente, Emilie Amri, oficial de alianzas del PMA, resalt\u00f3 la trayectoria y el enfoque preventivo que impulsa la iniciativa:<\/p>\n<blockquote>\n<p style=\"text-align: justify;\">\u201cEsta mesa es el resultado de a\u00f1os de trabajo en Acci\u00f3n Anticipatoria (AA), integrando la gesti\u00f3n del riesgo de sequ\u00eda dentro del sistema de protecci\u00f3n social. A trav\u00e9s de la mejora de los Sistemas de Alerta Temprana (SAT), buscamos garantizar respuestas m\u00e1s r\u00e1pidas y efectivas para proteger los medios de vida de las comunidades m\u00e1s afectadas\u201d.<\/p>\n<\/blockquote>\n<p style=\"text-align: justify;\">Adem\u00e1s de coordinar acciones, la Mesa T\u00e9cnica funcionar\u00e1 como un \u00f3rgano especializado de apoyo a los organismos del Sistema Nacional de Prevenci\u00f3n, Mitigaci\u00f3n y Respuesta (SN-PMR) ante desastres. Entre sus principales funciones se encuentran la vigilancia de los fen\u00f3menos de sequ\u00eda, la generaci\u00f3n de informaci\u00f3n para alertas tempranas y la elaboraci\u00f3n de recomendaciones t\u00e9cnicas y pol\u00edticas en la gesti\u00f3n del riesgo.<\/p>\n<p style=\"text-align: justify;\">En este contexto, el Fondo Internacional de Desarrollo Agr\u00edcola (FIDA), a trav\u00e9s de su programa FIDA 13, destinar\u00e1 recursos para iniciativas en la Rep\u00fablica Dominicana centradas en riego, gesti\u00f3n de sequ\u00edas y agricultura digital.<\/p>\n<p style=\"text-align: justify;\">Instituciones que integran la Mesa T\u00e9cnica Interinstitucional de Sequ\u00eda:<\/p>\n<p style=\"text-align: justify;\"><strong>\u25aa\ufe0eOrganismos sectoriales:<\/strong> Ministerio de Agricultura, Ministerio de Medio Ambiente y Recursos Naturales, Ministerio de la Presidencia (MINPRE), Instituto Nacional de Recursos Hidr\u00e1ulicos (INDRHI), Instituto Dominicano de Meteorolog\u00eda (INDOMET), la Corporaci\u00f3n del Acueducto y Alcantarillado de Santo Domingo (CAASD), Instituto Nacional de Aguas Potables y Alcantarillados (INAPA), Consejo Nacional para el Cambio Clim\u00e1tico, Servicio Geol\u00f3gico Nacional (SGN) e Instituto Agrario Dominicano (IAD)<\/p>\n<p style=\"text-align: justify;\"><strong>\u25aa\ufe0eInstituciones del SN-PMR:<\/strong> Defensa Civil\/Comisi\u00f3n Nacional de Emergencias, Centro de Operaciones de Emergencias (COE), Sistema Integrado Nacional de Informaci\u00f3n (SINI)<\/p>\n<p style=\"text-align: justify;\">\u25aa\ufe0e <strong>Instituciones acompa\u00f1antes:<\/strong> Programa Mundial de Alimentos (PMA) y Organizaci\u00f3n de las Naciones Unidas para la Alimentaci\u00f3n y la Agricultura (FAO).<\/p>\n<p>&nbsp;<\/p>\n<p style=\"text-align: justify;\">Fuente: Greysy Reyes (Especialista Comunicaciones)<\/p>\n<p>&nbsp;<\/p>\n","protected":false},"excerpt":{"rendered":"<p>Durante la \u00faltima d\u00e9cada, las sequ\u00edas han tenido un profundo impacto en la producci\u00f3n mundial<\/p>\n","protected":false},"author":2,"featured_media":40442,"comment_status":"open","ping_status":"open","sticky":false,"template":"","format":"standard","meta":{"footnotes":""},"categories":[233],"tags":[],"class_list":["post-40440","post","type-post","status-publish","format-standard","has-post-thumbnail","hentry","category-medio-ambiente"],"_links":{"self":[{"href":"https:\/\/defrentealaverdad.com\/index.php\/wp-json\/wp\/v2\/posts\/40440","targetHints":{"allow":["GET"]}}],"collection":[{"href":"https:\/\/defrentealaverdad.com\/index.php\/wp-json\/wp\/v2\/posts"}],"about":[{"href":"https:\/\/defrentealaverdad.com\/index.php\/wp-json\/wp\/v2\/types\/post"}],"author":[{"embeddable":true,"href":"https:\/\/defrentealaverdad.com\/index.php\/wp-json\/wp\/v2\/users\/2"}],"replies":[{"embeddable":true,"href":"https:\/\/defrentealaverdad.com\/index.php\/wp-json\/wp\/v2\/comments?post=40440"}],"version-history":[{"count":1,"href":"https:\/\/defrentealaverdad.com\/index.php\/wp-json\/wp\/v2\/posts\/40440\/revisions"}],"predecessor-version":[{"id":40441,"href":"https:\/\/defrentealaverdad.com\/index.php\/wp-json\/wp\/v2\/posts\/40440\/revisions\/40441"}],"wp:featuredmedia":[{"embeddable":true,"href":"https:\/\/defrentealaverdad.com\/index.php\/wp-json\/wp\/v2\/media\/40442"}],"wp:attachment":[{"href":"https:\/\/defrentealaverdad.com\/index.php\/wp-json\/wp\/v2\/media?parent=40440"}],"wp:term":[{"taxonomy":"category","embeddable":true,"href":"https:\/\/defrentealaverdad.com\/index.php\/wp-json\/wp\/v2\/categories?post=40440"},{"taxonomy":"post_tag","embeddable":true,"href":"https:\/\/defrentealaverdad.com\/index.php\/wp-json\/wp\/v2\/tags?post=40440"}],"curies":[{"name":"wp","href":"https:\/\/api.w.org\/{rel}","templated":true}]}}