{"id":40437,"date":"2025-02-25T18:10:58","date_gmt":"2025-02-25T18:10:58","guid":{"rendered":"https:\/\/defrentealaverdad.com\/?p=40437"},"modified":"2025-02-27T18:13:53","modified_gmt":"2025-02-27T18:13:53","slug":"instituto-duartiano-rechaza-juicio-contra-defensor-del-pueblo","status":"publish","type":"post","link":"https:\/\/defrentealaverdad.com\/index.php\/2025\/02\/25\/instituto-duartiano-rechaza-juicio-contra-defensor-del-pueblo\/","title":{"rendered":"Instituto Duartiano rechaza juicio contra Defensor del Pueblo"},"content":{"rendered":"<blockquote>\n<p style=\"text-align: justify;\">En un acto por el 209 aniversario del natalicio de Ram\u00f3n Mat\u00edas Mella, el presidente del organismo patri\u00f3tico, Wilson G\u00f3mez Ram\u00edrez, insisti\u00f3 en que se elimine el ITBIS a la adquisici\u00f3n de la bandera nacional, cuando en la mayor\u00eda de los pa\u00edses este s\u00edmbolo es gratuito<\/p>\n<\/blockquote>\n<p style=\"text-align: justify;\"><strong>Santo Domingo, R.D.-<\/strong>\u00a0El presidente del Instituto Duartiano, Wilson G\u00f3mez Ram\u00edrez, expres\u00f3 su desacuerdo con la decisi\u00f3n del juez del juzgado especial de la Jurisdicci\u00f3n Privilegiada de la Suprema Corte de Justicia de iniciar un juicio contra el Defensor del Pueblo, Pablo Ulloa, por usar una insignia con la bandera nacional sin escudo.<\/p>\n<p style=\"text-align: justify;\">La decisi\u00f3n del juez es un \u201clamentable desacierto\u201d y que el uso de la bandera sin escudo no viola la Constituci\u00f3n ni la Ley 210-19 sobre S\u00edmbolos Patrios, asegur\u00f3 G\u00f3mez Ram\u00edrez al intervenir este martes una ofrenda floral que deposit\u00f3 el Instituto Duartiano en el Altar de la Patria, en homenaje al 209 aniversario del natalicio del patricio Ram\u00f3n Mat\u00edas Mella.<\/p>\n<p style=\"text-align: justify;\">Dijo que el juez Justiniano Montero, conocido por su trayectoria y defensa del respeto a los emblemas nacionales, justific\u00f3 la apertura a juicio alegando que el uso de la bandera sin escudo viola la ley, sin embargo, el Instituto Duartiano sostiene que la insignia utilizada por Ulloa es una representaci\u00f3n de la bandera mercante que, seg\u00fan la Constituci\u00f3n, es la misma bandera nacional sin escudo.<\/p>\n<blockquote>\n<p style=\"text-align: justify;\">\u201cEl Instituto Duartiano reconoce la preocupaci\u00f3n del juez Montero por la frecuencia con la que se irrespetan los s\u00edmbolos patrios en el pa\u00eds, especialmente por parte de las instituciones p\u00fablicas, no obstante, insistimos en que en este caso no se configura delito de irreverencia o ultraje\u201d, expres\u00f3.<\/p>\n<\/blockquote>\n<p style=\"text-align: justify;\">Aprovechando la ocasi\u00f3n, el Instituto Duartiano exhorta a la poblaci\u00f3n a cumplir con la Ley 210-19 y hacer un uso correcto de los s\u00edmbolos patrios, adem\u00e1s, record\u00f3 a las estaciones de radio y televisi\u00f3n la obligaci\u00f3n de difundir el himno nacional a las 12 del mediod\u00eda el 27 de febrero, seg\u00fan lo establecido en el art\u00edculo 32 de la ley.<\/p>\n<p style=\"text-align: justify;\">El presidente del Instituto Duartiano, Wilson G\u00f3mez Ram\u00edrez, reiter\u00f3 que es inconcebible que para adquirir la bandera nacional se deba pagar el Impuesto sobre Transferencias de Bienes Industrializados y Servicios (ITBIS), cuando en la mayor\u00eda de los pa\u00edses este s\u00edmbolo patrio es gratuito.<\/p>\n<p style=\"text-align: justify;\">Las declaraciones de G\u00f3mez Ram\u00edrez se produjeron al encabezar el acto en el Altar de la Patria, la cual cont\u00f3 con la asistencia de directivos, miembros y colaboradores de esta instituci\u00f3n.<\/p>\n<p style=\"text-align: justify;\">El presidente del Instituto Duartiano tambi\u00e9n deplor\u00f3 que desde hace 15 a\u00f1os se encuentre en el Congreso Nacional un proyecto destinado a proteger la soberan\u00eda terrestre en una franja determinada de la frontera, destinada a la estrategia y la seguridad, y que privilegia a los dominicanos en la adquisici\u00f3n de la titularidad de esos terrenos, y no a extranjeros.<\/p>\n<p style=\"text-align: justify;\">G\u00f3mez Ram\u00edrez lament\u00f3 el uso incorrecto en muchas instituciones p\u00fablicas de la bandera nacional, el escudo y otros s\u00edmbolos patrios.<\/p>\n<p style=\"text-align: justify;\">Destac\u00f3 que Mella muri\u00f3 con la singular distinci\u00f3n de ser dos veces pr\u00f3cer de la Rep\u00fablica, pues no solo fue part\u00edcipe de la liberaci\u00f3n del pueblo dominicano ante los haitianos para proclamar la Independencia, sino que tambi\u00e9n luch\u00f3 con determinaci\u00f3n en la Guerra Restauradora, alcanzando la posici\u00f3n de vicepresidente de la Rep\u00fablica en armas.<\/p>\n<p style=\"text-align: justify;\">Manifest\u00f3 que la noche del 27 de febrero de 1844, Mella fue uno de los primeros patriotas en llegar a la Puerta de la Misericordia, y motiv\u00f3 a los dominicanos que se encontraban en sus alrededores a no abandonar el lugar, logrando disparar su trabuco, marchando luego al Baluarte del Conde, donde S\u00e1nchez hizo el primer enhestamiento de la Bandera Nacional.<\/p>\n<p style=\"text-align: justify;\">El presidente del Instituto Duartiano resalt\u00f3 la grandeza de Mella al mencionar que este ocup\u00f3 otros importantes cargos civiles y militares como el haber sido comandante en armas, ministro de la guerra, gobernador, as\u00ed como ministro plenipotenciario y enviado extraordinario en misi\u00f3n especial frente al gobierno espa\u00f1ol.<\/p>\n<p style=\"text-align: justify;\">Exhort\u00f3 a los dominicanos a que sigan el legado de los pr\u00f3ceres de la Patria: Duarte, S\u00e1nchez y Mella, para as\u00ed mantener el pa\u00eds libre y soberano, adem\u00e1s de luchar porque sean cumplidos todos los postulados, principios y normas de la Carta Sustantiva de la Naci\u00f3n.<\/p>\n<p style=\"text-align: justify;\"><strong>Duartianos detallan actividades del 27 de febrero<\/strong><\/p>\n<p style=\"text-align: justify;\">G\u00f3mez Ram\u00edrez dijo que para este jueves los actos programados por el Instituto Duartiano en conmemoraci\u00f3n del 181 aniversario de la proclamaci\u00f3n de la Independencia Nacional y el D\u00eda de la Bandera Nacional dominicana, ser\u00e1n el acto solemne de enhestamiento de la Bandera Nacional en el baluarte del Conde, a las 8 de la ma\u00f1ana.<\/p>\n<p style=\"text-align: justify;\">Una hora m\u00e1s tarde, a las 9 de la ma\u00f1ana, tendr\u00e1 lugar el dep\u00f3sito de una ofrenda floral ante las cenizas de los fundadores de la Rep\u00fablica, en el mausoleo del Altar de la Patria.<\/p>\n<p style=\"text-align: justify;\">De forma complementaria, todos los centros duartianos del interior del pa\u00eds y filiales del exterior desarrollar\u00e1n desfiles, ofrendas y charlas, conjuntamente con entidades oficiales y culturales.<\/p>\n<p style=\"text-align: justify;\"><strong>Sobre el Instituto Duartiano<\/strong><\/p>\n<p style=\"text-align: justify;\">El Instituto Duartiano es un organismo de car\u00e1cter oficial y aut\u00f3nomo, fundado el 26 de enero de 1964, y la Ley n\u00famero 127-01, del 27 de julio de 2001, le otorg\u00f3 autonom\u00eda.<\/p>\n<p style=\"text-align: justify;\">Tiene como objetivo promover la difusi\u00f3n de los ideales, la vida y el ejemplo del patricio Juan Pablo Duarte, as\u00ed como los valores patrios y los gloriosos acontecimientos hist\u00f3ricos de nuestro pa\u00eds.<\/p>\n<p style=\"text-align: justify;\">Esta es la instituci\u00f3n responsable de velar por el respeto a la memoria del Patricio y por preservar su imagen y buen nombreTiene la misi\u00f3n de llevar al pueblo dominicano la historia de Juan Pablo Duarte y tratar de que, por medio del conocimiento de sus ideales, laboriosidad, honestidad acrisolada, patriotismo, esp\u00edritu de servicio y vida ejemplar, exista un mejor ciudadano y una patria justa y feliz, como la so\u00f1\u00f3 el padre de la Patria.<\/p>\n<p>&nbsp;<\/p>\n<p>Fuente: Instituto Duartiano<\/p>\n","protected":false},"excerpt":{"rendered":"<p>En un acto por el 209 aniversario del natalicio de Ram\u00f3n Mat\u00edas Mella, el presidente<\/p>\n","protected":false},"author":1,"featured_media":40439,"comment_status":"open","ping_status":"open","sticky":false,"template":"","format":"standard","meta":{"footnotes":""},"categories":[7],"tags":[],"class_list":["post-40437","post","type-post","status-publish","format-standard","has-post-thumbnail","hentry","category-nacionales"],"_links":{"self":[{"href":"https:\/\/defrentealaverdad.com\/index.php\/wp-json\/wp\/v2\/posts\/40437","targetHints":{"allow":["GET"]}}],"collection":[{"href":"https:\/\/defrentealaverdad.com\/index.php\/wp-json\/wp\/v2\/posts"}],"about":[{"href":"https:\/\/defrentealaverdad.com\/index.php\/wp-json\/wp\/v2\/types\/post"}],"author":[{"embeddable":true,"href":"https:\/\/defrentealaverdad.com\/index.php\/wp-json\/wp\/v2\/users\/1"}],"replies":[{"embeddable":true,"href":"https:\/\/defrentealaverdad.com\/index.php\/wp-json\/wp\/v2\/comments?post=40437"}],"version-history":[{"count":1,"href":"https:\/\/defrentealaverdad.com\/index.php\/wp-json\/wp\/v2\/posts\/40437\/revisions"}],"predecessor-version":[{"id":40438,"href":"https:\/\/defrentealaverdad.com\/index.php\/wp-json\/wp\/v2\/posts\/40437\/revisions\/40438"}],"wp:featuredmedia":[{"embeddable":true,"href":"https:\/\/defrentealaverdad.com\/index.php\/wp-json\/wp\/v2\/media\/40439"}],"wp:attachment":[{"href":"https:\/\/defrentealaverdad.com\/index.php\/wp-json\/wp\/v2\/media?parent=40437"}],"wp:term":[{"taxonomy":"category","embeddable":true,"href":"https:\/\/defrentealaverdad.com\/index.php\/wp-json\/wp\/v2\/categories?post=40437"},{"taxonomy":"post_tag","embeddable":true,"href":"https:\/\/defrentealaverdad.com\/index.php\/wp-json\/wp\/v2\/tags?post=40437"}],"curies":[{"name":"wp","href":"https:\/\/api.w.org\/{rel}","templated":true}]}}