{"id":40430,"date":"2025-02-26T17:33:06","date_gmt":"2025-02-26T17:33:06","guid":{"rendered":"https:\/\/defrentealaverdad.com\/?p=40430"},"modified":"2025-02-27T17:33:13","modified_gmt":"2025-02-27T17:33:13","slug":"presidente-luis-abinader-anuncia-aumento-salarial-de-20-para-el-sector-privado-no-sectorizado","status":"publish","type":"post","link":"https:\/\/defrentealaverdad.com\/index.php\/2025\/02\/26\/presidente-luis-abinader-anuncia-aumento-salarial-de-20-para-el-sector-privado-no-sectorizado\/","title":{"rendered":"Presidente Luis Abinader anuncia aumento salarial de 20 % para el sector privado no sectorizado"},"content":{"rendered":"<blockquote>\n<p style=\"text-align: justify;\">El primer mandatario afirm\u00f3 que, con el aumento acordado en la mesa tripartita hoy, gana el pa\u00eds.<\/p>\n<\/blockquote>\n<p style=\"text-align: justify;\"><strong>Santo Domingo.-<\/strong> El presidente Luis Abinader encabez\u00f3 este mi\u00e9rcoles la reuni\u00f3n del Comit\u00e9 Nacional de Salarios (CNS), en la que se anunci\u00f3 un aumento salarial de un 20 % para los empleados del sector privado no sectorizado.<\/p>\n<p style=\"text-align: justify;\">El primer mandatario afirm\u00f3 que, con el aumento acordado en la mesa tripartita hoy, gana el pa\u00eds, debido a que los trabajadores van a tener m\u00e1s capacidad de compra y se dinamizar\u00e1 la econom\u00eda.<\/p>\n<p style=\"text-align: justify;\">Agreg\u00f3 que el 20 % es la suma justa, basado en los niveles de aumento de productividad que ha tenido la econom\u00eda dominicana, y que va en crecimiento con esta decisi\u00f3n.<\/p>\n<blockquote>\n<p style=\"text-align: justify;\">\u201cFelicito este ejemplo de convivencia, de patriotismo y de inteligencia. Los felicito a todos, por haber llegado a este acuerdo, y nosotros como Gobierno, al Ministerio de Trabajo, a Eddy Olivares y su equipo y los sectores involucrados en este proceso\u201d.<\/p>\n<\/blockquote>\n<p style=\"text-align: justify;\">En tanto que el ministro de Trabajo, Eddy Olivares, calific\u00f3 como hist\u00f3rica la decisi\u00f3n de este aumento salarial, que presenta a los sectores empresariales y laboral como un verdadero referente en cualquier pa\u00eds del mundo, en una labor enriquecedora que se llev\u00f3 a cabo en unas tres semanas, cuando en ocasiones anteriores las discusiones eran de 6 y 7 meses.<\/p>\n<blockquote>\n<p style=\"text-align: justify;\">\u201cEsta es una muestra del compromiso con el desarrollo de la naci\u00f3n y el crecimiento del pa\u00eds, que no es producto de una improvisaci\u00f3n, sino de una cultura que se ha venido desarrollando desde el gobierno de Luis Abinader para el desarrollo de la naci\u00f3n\u201d, a\u00f1adi\u00f3 el Ministro.<\/p>\n<\/blockquote>\n<p style=\"text-align: justify;\">\u00c1ngel Mart\u00edn Mieses, presidente del Comit\u00e9 Nacional de Salarios dio lectura a la resoluci\u00f3n No. 001-2025 que establece las nuevas escalas salariales del sector privado no sectorizado.<\/p>\n<blockquote>\n<p style=\"text-align: justify;\">\u201cLas empresas grandes el salario de 24,990.00 pesos dominicanos, pasar\u00e1 con el 12 por ciento a 27,988.80 pesos el 1ro de abril, al 1ro de febrero 29,988.00\u201d.<\/p>\n<\/blockquote>\n<p style=\"text-align: justify;\">Agreg\u00f3 que para las empresas medianas el salario de 22,908 pesos, ser\u00e1 de 25,656.96 pesos al 1ro. de abril y de 27,489.60 pesos a febrero de 2026 y el salario de las empresas peque\u00f1as de 15,351.00 pesos ser\u00e1 de 17,193.12 al 1ro. de abril y de 18,421.20 pesos a febrero de 2026.<\/p>\n<p style=\"text-align: justify;\">Para las micro empresas el salario de 14,161.00 pesos ser\u00e1 con el 12 por ciento aplicado de 15,860.32 pesos y con el 8 por ciento en febrero de 2026 de 16,993.20 pesos.<\/p>\n<p style=\"text-align: justify;\">De su lado, Celso Juan Marranzini, presidente del Consejo Nacional de la Empresa Privada (CONEP), destac\u00f3 que el sector empleador acudi\u00f3 al Comit\u00e9 Nacional de Salarios con una actitud constructiva y positiva.<\/p>\n<blockquote>\n<p style=\"text-align: justify;\">\u201cEsta decisi\u00f3n sin lugar a dudas ir\u00e1 en beneficio de los trabajadores, este esfuerzo de las empresas dominicanas es coherente con su accionar responsable, que en condiciones externas adversas ha facilitado ajustes por encima de las posibilidades\u00bb, manifest\u00f3.<\/p>\n<\/blockquote>\n<p style=\"text-align: justify;\">En representaci\u00f3n del sector sindical, Rafael -Pepe- Abreu, resalt\u00f3 que el presidente Luis Abinader se ha empe\u00f1ado en que el salario recupere su valor de compra, y en prestigiar organismos como el Comit\u00e9 Nacional de Salario, buscando armonizar, con propuestas concretas.<\/p>\n<p>&nbsp;<\/p>\n<p>Fuente: Direcci\u00f3n de Com. Ministerio de Trabajo<\/p>\n","protected":false},"excerpt":{"rendered":"<p>El primer mandatario afirm\u00f3 que, con el aumento acordado en la mesa tripartita hoy, gana<\/p>\n","protected":false},"author":4,"featured_media":40431,"comment_status":"open","ping_status":"open","sticky":false,"template":"","format":"standard","meta":{"footnotes":""},"categories":[7],"tags":[],"class_list":["post-40430","post","type-post","status-publish","format-standard","has-post-thumbnail","hentry","category-nacionales"],"_links":{"self":[{"href":"https:\/\/defrentealaverdad.com\/index.php\/wp-json\/wp\/v2\/posts\/40430","targetHints":{"allow":["GET"]}}],"collection":[{"href":"https:\/\/defrentealaverdad.com\/index.php\/wp-json\/wp\/v2\/posts"}],"about":[{"href":"https:\/\/defrentealaverdad.com\/index.php\/wp-json\/wp\/v2\/types\/post"}],"author":[{"embeddable":true,"href":"https:\/\/defrentealaverdad.com\/index.php\/wp-json\/wp\/v2\/users\/4"}],"replies":[{"embeddable":true,"href":"https:\/\/defrentealaverdad.com\/index.php\/wp-json\/wp\/v2\/comments?post=40430"}],"version-history":[{"count":1,"href":"https:\/\/defrentealaverdad.com\/index.php\/wp-json\/wp\/v2\/posts\/40430\/revisions"}],"predecessor-version":[{"id":40432,"href":"https:\/\/defrentealaverdad.com\/index.php\/wp-json\/wp\/v2\/posts\/40430\/revisions\/40432"}],"wp:featuredmedia":[{"embeddable":true,"href":"https:\/\/defrentealaverdad.com\/index.php\/wp-json\/wp\/v2\/media\/40431"}],"wp:attachment":[{"href":"https:\/\/defrentealaverdad.com\/index.php\/wp-json\/wp\/v2\/media?parent=40430"}],"wp:term":[{"taxonomy":"category","embeddable":true,"href":"https:\/\/defrentealaverdad.com\/index.php\/wp-json\/wp\/v2\/categories?post=40430"},{"taxonomy":"post_tag","embeddable":true,"href":"https:\/\/defrentealaverdad.com\/index.php\/wp-json\/wp\/v2\/tags?post=40430"}],"curies":[{"name":"wp","href":"https:\/\/api.w.org\/{rel}","templated":true}]}}