{"id":40424,"date":"2025-02-26T17:15:34","date_gmt":"2025-02-26T17:15:34","guid":{"rendered":"https:\/\/defrentealaverdad.com\/?p=40424"},"modified":"2025-02-27T17:18:28","modified_gmt":"2025-02-27T17:18:28","slug":"iglesia-pentecostal-somos-uno-celebra-su-18-aniversario-con-un-culto-de-siembra-y-fe-bajo-el-liderazgo-del-pastor-jhonny-encarnacion","status":"publish","type":"post","link":"https:\/\/defrentealaverdad.com\/index.php\/2025\/02\/26\/iglesia-pentecostal-somos-uno-celebra-su-18-aniversario-con-un-culto-de-siembra-y-fe-bajo-el-liderazgo-del-pastor-jhonny-encarnacion\/","title":{"rendered":"Iglesia Pentecostal \u201cSomos Uno\u201d Celebra su 18\u00b0 Aniversario con un Culto de Siembra y Fe bajo el Liderazgo del Pastor Jhonny Encarnaci\u00f3n"},"content":{"rendered":"<p style=\"text-align: justify;\"><strong>La Caleta<\/strong> <strong>Boca Chica&#8211;El<\/strong> pasado s\u00e1bado 22 de febrero, la comunidad de la Iglesia Pentecostal \u201cSomos Uno\u201d, bajo el liderazgo visionario del Pastor Jhonny Encarnaci\u00f3n, celebr\u00f3 con gran fervor su 18\u00b0 aniversario, un evento que reuni\u00f3 a creyentes de diversas congregaciones, tanto de la Caleta como de otras localidades cercanas, para rendir homenaje a Dios y fortalecer los lazos de fraternidad en la fe cristiana<\/p>\n<p style=\"text-align: justify;\">Esta celebraci\u00f3n fue mucho m\u00e1s que una simple conmemoraci\u00f3n; fue una manifestaci\u00f3n de entrega, sacrificio y devoci\u00f3n a un prop\u00f3sito divino, reflejado en el tema central de la actividad: \u201cSiembra mi ofrenda\u201d. El culto especial fue dise\u00f1ado como una poderosa experiencia espiritual, donde los miembros y visitantes de la iglesia, guiados por el esp\u00edritu de Dios, participaron activamente en un acto de siembra, tanto de ofrendas materiales como de corazones dispuestos a crecer en la fe.<\/p>\n<p style=\"text-align: justify;\">La celebraci\u00f3n, que cont\u00f3 con la participaci\u00f3n de diversas iglesias hermanas, busc\u00f3 no solo agradar a Dios, sino tambi\u00e9n fortalecer los lazos entre las congregaciones y reafirmar el compromiso de la iglesia de trabajar en favor de los m\u00e1s necesitados<\/p>\n<p style=\"text-align: justify;\">El Pastor Jhonny Encarnaci\u00f3n, conocido por su incansable trabajo a favor del bienestar de los dem\u00e1s, fue el principal promotor de este evento que busca resaltar, una vez m\u00e1s, que la misi\u00f3n del pueblo de Dios no solo es amar a sus propios miembros, sino tambi\u00e9n extender la mano a los vil y menospreciados de la tierra. En su discurso, el Pastor Encarnaci\u00f3n enfatiz\u00f3 la importancia de sembrar con generosidad, no solo recursos materiales, sino tambi\u00e9n amor, comprensi\u00f3n y apoyo mutuo entre los cristianos.<\/p>\n<p><strong>Un Culto de Alabanza y Exaltaci\u00f3n<\/strong><\/p>\n<p style=\"text-align: justify;\">El culto estuvo lleno de alabanzas y m\u00fasica que elevaron los corazones hacia lo divino. Las adoradoras Osanna Ventura, Carolina Mart\u00ednez y Karina Montero deleitaron a los asistentes con su talento y devoci\u00f3n, interpretando himnos que tocaron lo m\u00e1s profundo del alma. Cada interpretaci\u00f3n fue un recordatorio del poder transformador de la alabanza en la vida cristiana y de la importancia de rendirle culto a Dios con todo el coraz\u00f3n.<\/p>\n<p style=\"text-align: justify;\">En un momento culminante, la cantante Nancy Amaneci\u00f3 comparti\u00f3 un mensaje espiritual, que reson\u00f3 fuertemente en los corazones de los presentes. Con su estilo \u00fanico y su profundo entendimiento de las Escrituras, la cantante hizo un llamado a la unidad y la esperanza, invitando a todos a seguir el ejemplo de humildad, amor y sacrificio que Jes\u00fas ense\u00f1\u00f3 en este serm\u00f3n fundamental para la fe cristiana.<\/p>\n<p style=\"text-align: justify;\"><strong>Una Iniciativa que Fortalece los Lazos de la Comunidad Cristiana<\/strong><\/p>\n<p style=\"text-align: justify;\">Este gran culto no solo fue un acto de adoraci\u00f3n, sino tambi\u00e9n una demostraci\u00f3n del compromiso de la Iglesia Pentecostal \u201cSomos Uno\u201d con el bienestar espiritual, emocional y material de la comunidad. Durante el evento, los participantes fueron testigos del impacto de la siembra, no solo en t\u00e9rminos econ\u00f3micos, sino tambi\u00e9n en la siembra de amor y esperanza en los corazones de quienes se sienten marginados o desamparados. La iglesia, liderada por el Pastor Jhonny Encarnaci\u00f3n, contin\u00faa siendo un faro de luz para aquellos que buscan respuestas a sus desaf\u00edos y una oportunidad de redenci\u00f3n<\/p>\n<p style=\"text-align: justify;\">Los asistentes, tanto de las iglesias cercanas como de otras localidades, manifestaron su gratitud por la oportunidad de ser parte de este evento, y muchos destacaron la generosidad y el esp\u00edritu de unidad que prevaleci\u00f3 durante todo el culto. Para muchos, esta celebraci\u00f3n marc\u00f3 un hito en su caminar cristiano, ya que les permiti\u00f3 experimentar el poder de la siembra espiritual y el impacto transformador de una comunidad unida por la fe.<\/p>\n<p><strong>Reflexi\u00f3n Final<\/strong><\/p>\n<p style=\"text-align: justify;\">La celebraci\u00f3n del 18\u00b0 aniversario de la Iglesia Pentecostal \u201cSomos Uno\u201d y su evento de siembra ha dejado una huella indeleble en todos los que participaron. Bajo la direcci\u00f3n del Pastor Jhonny Encarnaci\u00f3n, se reafirm\u00f3 el prop\u00f3sito divino de la iglesia: sembrar amor, esperanza y apoyo mutuo en un mundo que necesita m\u00e1s que nunca de estas virtudes.<\/p>\n<p style=\"text-align: justify;\">Este evento no solo fortaleci\u00f3 la comunidad cristiana, sino que tambi\u00e9n envi\u00f3 un claro mensaje de que la verdadera iglesia de Dios se extiende m\u00e1s all\u00e1 de los muros del templo, alcanzando a los m\u00e1s necesitados y ofreciendo un refugio espiritual para todos.<\/p>\n<p style=\"text-align: justify;\">La Iglesia Pentecostal \u201cSomos Uno\u201d contin\u00faa siendo un faro de fe y solidaridad, trabajando incansablemente por el bienestar de su comunidad y m\u00e1s all\u00e1, demostrando que la siembra es una inversi\u00f3n en el futuro espiritual de todos, sin distinci\u00f3n. En palabras del Pastor Jhonny Encarnaci\u00f3n,<\/p>\n<blockquote>\n<p style=\"text-align: justify;\">\u201cSiembra tu ofrenda, siembra tu vida en las manos de Dios, y \u00c9l multiplicar\u00e1 tu fruto m\u00e1s all\u00e1 de lo que puedes imaginar\u201d.<\/p>\n<\/blockquote>\n<p>&nbsp;<\/p>\n<p>Fuente: Sin Nada que Ocultar<\/p>\n","protected":false},"excerpt":{"rendered":"<p>La Caleta Boca Chica&#8211;El pasado s\u00e1bado 22 de febrero, la comunidad de la Iglesia Pentecostal<\/p>\n","protected":false},"author":2,"featured_media":40426,"comment_status":"open","ping_status":"open","sticky":false,"template":"","format":"standard","meta":{"footnotes":""},"categories":[7],"tags":[],"class_list":["post-40424","post","type-post","status-publish","format-standard","has-post-thumbnail","hentry","category-nacionales"],"_links":{"self":[{"href":"https:\/\/defrentealaverdad.com\/index.php\/wp-json\/wp\/v2\/posts\/40424","targetHints":{"allow":["GET"]}}],"collection":[{"href":"https:\/\/defrentealaverdad.com\/index.php\/wp-json\/wp\/v2\/posts"}],"about":[{"href":"https:\/\/defrentealaverdad.com\/index.php\/wp-json\/wp\/v2\/types\/post"}],"author":[{"embeddable":true,"href":"https:\/\/defrentealaverdad.com\/index.php\/wp-json\/wp\/v2\/users\/2"}],"replies":[{"embeddable":true,"href":"https:\/\/defrentealaverdad.com\/index.php\/wp-json\/wp\/v2\/comments?post=40424"}],"version-history":[{"count":1,"href":"https:\/\/defrentealaverdad.com\/index.php\/wp-json\/wp\/v2\/posts\/40424\/revisions"}],"predecessor-version":[{"id":40425,"href":"https:\/\/defrentealaverdad.com\/index.php\/wp-json\/wp\/v2\/posts\/40424\/revisions\/40425"}],"wp:featuredmedia":[{"embeddable":true,"href":"https:\/\/defrentealaverdad.com\/index.php\/wp-json\/wp\/v2\/media\/40426"}],"wp:attachment":[{"href":"https:\/\/defrentealaverdad.com\/index.php\/wp-json\/wp\/v2\/media?parent=40424"}],"wp:term":[{"taxonomy":"category","embeddable":true,"href":"https:\/\/defrentealaverdad.com\/index.php\/wp-json\/wp\/v2\/categories?post=40424"},{"taxonomy":"post_tag","embeddable":true,"href":"https:\/\/defrentealaverdad.com\/index.php\/wp-json\/wp\/v2\/tags?post=40424"}],"curies":[{"name":"wp","href":"https:\/\/api.w.org\/{rel}","templated":true}]}}