{"id":40415,"date":"2025-02-26T16:54:11","date_gmt":"2025-02-26T16:54:11","guid":{"rendered":"https:\/\/defrentealaverdad.com\/?p=40415"},"modified":"2025-02-27T16:56:21","modified_gmt":"2025-02-27T16:56:21","slug":"ejercito-retiene-vehiculo-con-410-mil-cigarrillos-de-contrabando-en-puerto-plata","status":"publish","type":"post","link":"https:\/\/defrentealaverdad.com\/index.php\/2025\/02\/26\/ejercito-retiene-vehiculo-con-410-mil-cigarrillos-de-contrabando-en-puerto-plata\/","title":{"rendered":"Ej\u00e9rcito retiene veh\u00edculo con 410 mil cigarrillos de contrabando en Puerto Plata"},"content":{"rendered":"<p style=\"text-align: justify;\"><strong>Puerto Plata<\/strong> .- Tras una persecuci\u00f3n, una patrulla del Ej\u00e9rcito de Rep\u00fablica Dominicana, intercept\u00f3 en el municipio de Luper\u00f3n, provincia Puerto Plata, una de dos camionetas cargadas de mercanc\u00eda de procedencia extranjera introducida al pa\u00eds de contrabando.<\/p>\n<p style=\"text-align: justify;\">Los miembros del ERD retuvieron la camioneta Toyota modelo Tacoma, color negro, placa L285681, conducida por un hombre solo identificado como Marihuano, quien escap\u00f3 en la oscuridad al notar la presencia militar en la playa El Castillo de La Isabela.<\/p>\n<p style=\"text-align: justify;\">Al ser inspeccionada la camioneta, fue encontrado un contrabando de 410,000 cigarrillos marca Capital, en 41 cajas, cada una de (50) paquetes que contienen (10) cajetillas de veinte (20) unidades, que no cuenta con la regulaci\u00f3n de la Direcci\u00f3n General de Aduanas (DGA).<\/p>\n<p style=\"text-align: justify;\">De acuerdo a informes de inteligencia del ERD, eran tres los veh\u00edculos que se desplazaban en la referida zona, incluyendo una jeepeta Honda CRV, color gris, que se presume era conducida por un hombre identificado como Leiby, quien flanqueaba a las dos camionetas cargadas de mercanc\u00eda ilegal.<\/p>\n<p style=\"text-align: justify;\">La otra camioneta, una Toyota Tundra color rojo, se presume que era conducida por el nombrado Yodeldis, conocido como El Negro, quien al momento de la intervenci\u00f3n, arroj\u00f3 encima el veh\u00edculo a los militares actuantes, logrando emprender la huida.<\/p>\n<p style=\"text-align: justify;\">Las autoridades militares contin\u00faan las indagatorias para dar con el paradero de los conductores que escaparon y otros posibles involucrados en el tr\u00e1fico de mercanc\u00eda il\u00edcita<\/p>\n<p style=\"text-align: justify;\">Mientras que el veh\u00edculo retenido y la mercanc\u00eda decomisada se encuentran bajo custodia militar y ser\u00e1n entregadas bajo certificaci\u00f3n al Cuerpo Especializado de Control de Combustibles (CECOOM), para los fines legales correspondientes.<\/p>\n<p>Fuente: Prensa ERD<\/p>\n","protected":false},"excerpt":{"rendered":"<p>Puerto Plata .- Tras una persecuci\u00f3n, una patrulla del Ej\u00e9rcito de Rep\u00fablica Dominicana, intercept\u00f3 en<\/p>\n","protected":false},"author":1,"featured_media":40417,"comment_status":"open","ping_status":"open","sticky":false,"template":"","format":"standard","meta":{"footnotes":""},"categories":[7],"tags":[],"class_list":["post-40415","post","type-post","status-publish","format-standard","has-post-thumbnail","hentry","category-nacionales"],"_links":{"self":[{"href":"https:\/\/defrentealaverdad.com\/index.php\/wp-json\/wp\/v2\/posts\/40415","targetHints":{"allow":["GET"]}}],"collection":[{"href":"https:\/\/defrentealaverdad.com\/index.php\/wp-json\/wp\/v2\/posts"}],"about":[{"href":"https:\/\/defrentealaverdad.com\/index.php\/wp-json\/wp\/v2\/types\/post"}],"author":[{"embeddable":true,"href":"https:\/\/defrentealaverdad.com\/index.php\/wp-json\/wp\/v2\/users\/1"}],"replies":[{"embeddable":true,"href":"https:\/\/defrentealaverdad.com\/index.php\/wp-json\/wp\/v2\/comments?post=40415"}],"version-history":[{"count":1,"href":"https:\/\/defrentealaverdad.com\/index.php\/wp-json\/wp\/v2\/posts\/40415\/revisions"}],"predecessor-version":[{"id":40416,"href":"https:\/\/defrentealaverdad.com\/index.php\/wp-json\/wp\/v2\/posts\/40415\/revisions\/40416"}],"wp:featuredmedia":[{"embeddable":true,"href":"https:\/\/defrentealaverdad.com\/index.php\/wp-json\/wp\/v2\/media\/40417"}],"wp:attachment":[{"href":"https:\/\/defrentealaverdad.com\/index.php\/wp-json\/wp\/v2\/media?parent=40415"}],"wp:term":[{"taxonomy":"category","embeddable":true,"href":"https:\/\/defrentealaverdad.com\/index.php\/wp-json\/wp\/v2\/categories?post=40415"},{"taxonomy":"post_tag","embeddable":true,"href":"https:\/\/defrentealaverdad.com\/index.php\/wp-json\/wp\/v2\/tags?post=40415"}],"curies":[{"name":"wp","href":"https:\/\/api.w.org\/{rel}","templated":true}]}}