{"id":40385,"date":"2025-02-27T04:47:13","date_gmt":"2025-02-27T04:47:13","guid":{"rendered":"https:\/\/defrentealaverdad.com\/?p=40385"},"modified":"2025-02-27T04:47:13","modified_gmt":"2025-02-27T04:47:13","slug":"recomiendo-ver-las-peliculas-the-brutalista-septiembre-5-y-aun-estoy-aqui","status":"publish","type":"post","link":"https:\/\/defrentealaverdad.com\/index.php\/2025\/02\/27\/recomiendo-ver-las-peliculas-the-brutalista-septiembre-5-y-aun-estoy-aqui\/","title":{"rendered":"Recomiendo ver las pel\u00edculas The Brutalista, Septiembre 5 y A\u00fan Estoy Aqu\u00ed.\u00a0"},"content":{"rendered":"<blockquote>\n<p style=\"text-align: justify;\">\u00abLa pel\u00edcula A\u00fan Estoy Aqu\u00ed logra tocar nuestra sensibilidad y memoria por su actuaciones excelentes\u00bb<\/p>\n<\/blockquote>\n<p style=\"text-align: justify;\">Tener la oportunidad de disfrutar producciones cinematogr\u00e1ficas como A\u00fan Estoy Aqu\u00ed, Septiembre 5 y The Brutalista es observar detalles minuciosos enfocados en lograr actuaciones de calidad, como tambi\u00e9n elevar a nivel m\u00e1ximos fotograf\u00edas y buen gui\u00f3n.<\/p>\n<blockquote>\n<p style=\"text-align: justify;\">El Brutalista es una pel\u00edcula que logra narrar treinta a\u00f1os de la vida de L\u00e1szl\u00f3 T\u00f3th, un arquitecto jud\u00edo nacido en Hungr\u00eda, que sobrevivi\u00f3 a los campos de exterminio de la \u00e9poca nazi.<\/p>\n<\/blockquote>\n<p style=\"text-align: justify;\">Logrando escapar ya a finales de la Segunda Guerra Mundial, emigr\u00f3 a los Estados Unidos junto a su mujer periodista, Erszeb\u00e9t. Aunque en tiempos distintos, L\u00e1szl\u00f3 afronta una \u00e9poca de pobreza y miseria, pero pronto consigue un contrato con un misterioso y adinerado cliente, Harrison Lee Van Buren, que cambiar\u00e1 por completo el curso de su vida.<\/p>\n<p style=\"text-align: justify;\">En la pel\u00edcula Septiembre 5 podemos observar c\u00f3mo las decisiones deben tomarse con responsabilidad ante una situaci\u00f3n muy complicada, como la que ocurri\u00f3 en las Olimpiadas de M\u00fanich del 1972 ante un secuestro terrorista a la delegaci\u00f3n deportista de Israel.<\/p>\n<p style=\"text-align: justify;\">Un grupo de periodistas de la cadena norteamericana ABC logra transmitir las informaciones de lo ocurrido durante este acto terrorista que dej\u00f3 huellas tr\u00e1gicas en la historia de las Olimpiadas, donde podemos observar buenas actuaciones y narrativa muy bien enfocada en los hechos.<\/p>\n<p style=\"text-align: justify;\">El director brasile\u00f1o Walter Salles nos presenta una producci\u00f3n basada hechos reales como A\u00fan Estoy Aqu\u00ed, donde podemos observar excelentes manejo de fotograf\u00edas, ambientaci\u00f3n y actuaciones excelentes.<\/p>\n<p style=\"text-align: justify;\">En la trayectoria cinematogr\u00e1fica de Walter Salles, ejemplificada en esta dos excelentes pel\u00edculas ESTACI\u00d3N CENTRAL (1998) y DIARIOS DE MOTOCICLETA (2004) \u00e9ste asumi\u00f3 la responsabilidad de filmar la historia de EUNICE FACCIOLA PAIVA, interpretada de manera fenomenal por la actriz Fernanda Torres como adulta, y la actriz Fernanda Montenegro en la etapa de la vejez (me record\u00f3 a mi abuela ).<\/p>\n<p style=\"text-align: justify;\">Eunice Facciola Paiva fue una mujer madre de un var\u00f3n y cuatro mujeres, que luch\u00f3 por encontrar justicia por el secuestro, desaparici\u00f3n y asesinato de su esposo, amigo y alma gemela, Ruben Paiva, interpretado de manera magistral por el actor Seilton Melo, en 1971, bajo la \u00faltima dictadura c\u00edvico-militar de Brasil (1964-1985).<\/p>\n<p style=\"text-align: justify;\">El escritor Marcelo Paiva, hijo de Rubens Paiva, dej\u00f3 plasmado su historia familiar en este libro ,en el cual se basa esta pel\u00edcula, donde los actores Guilhnenme Silveira en su ni\u00f1ez y por Antonio Saboja en su vida como adulto personifican el drama vivido tras la lamentable situaci\u00f3n de la dictadura y luego por el accidente que lo inmoviliz\u00f3 en una silla de rueda.<\/p>\n<p style=\"text-align: justify;\">El director muestra la historia de esta familia Paiva que puede ser similar en la angustia de miles de familias en Latinoam\u00e9rica, Europa, \u00c1frica y Asia, que sobrevivieron a la crueldad de las dictaduras.<\/p>\n<p>Fuente:\u00a0 Mario Antonio Lara Valdez<\/p>\n","protected":false},"excerpt":{"rendered":"<p>\u00abLa pel\u00edcula A\u00fan Estoy Aqu\u00ed logra tocar nuestra sensibilidad y memoria por su actuaciones excelentes\u00bb<\/p>\n","protected":false},"author":1,"featured_media":40386,"comment_status":"open","ping_status":"open","sticky":false,"template":"","format":"standard","meta":{"footnotes":""},"categories":[248],"tags":[],"class_list":["post-40385","post","type-post","status-publish","format-standard","has-post-thumbnail","hentry","category-cine"],"_links":{"self":[{"href":"https:\/\/defrentealaverdad.com\/index.php\/wp-json\/wp\/v2\/posts\/40385","targetHints":{"allow":["GET"]}}],"collection":[{"href":"https:\/\/defrentealaverdad.com\/index.php\/wp-json\/wp\/v2\/posts"}],"about":[{"href":"https:\/\/defrentealaverdad.com\/index.php\/wp-json\/wp\/v2\/types\/post"}],"author":[{"embeddable":true,"href":"https:\/\/defrentealaverdad.com\/index.php\/wp-json\/wp\/v2\/users\/1"}],"replies":[{"embeddable":true,"href":"https:\/\/defrentealaverdad.com\/index.php\/wp-json\/wp\/v2\/comments?post=40385"}],"version-history":[{"count":1,"href":"https:\/\/defrentealaverdad.com\/index.php\/wp-json\/wp\/v2\/posts\/40385\/revisions"}],"predecessor-version":[{"id":40387,"href":"https:\/\/defrentealaverdad.com\/index.php\/wp-json\/wp\/v2\/posts\/40385\/revisions\/40387"}],"wp:featuredmedia":[{"embeddable":true,"href":"https:\/\/defrentealaverdad.com\/index.php\/wp-json\/wp\/v2\/media\/40386"}],"wp:attachment":[{"href":"https:\/\/defrentealaverdad.com\/index.php\/wp-json\/wp\/v2\/media?parent=40385"}],"wp:term":[{"taxonomy":"category","embeddable":true,"href":"https:\/\/defrentealaverdad.com\/index.php\/wp-json\/wp\/v2\/categories?post=40385"},{"taxonomy":"post_tag","embeddable":true,"href":"https:\/\/defrentealaverdad.com\/index.php\/wp-json\/wp\/v2\/tags?post=40385"}],"curies":[{"name":"wp","href":"https:\/\/api.w.org\/{rel}","templated":true}]}}