{"id":40375,"date":"2025-02-24T04:37:26","date_gmt":"2025-02-24T04:37:26","guid":{"rendered":"https:\/\/defrentealaverdad.com\/?p=40375"},"modified":"2025-02-27T04:41:22","modified_gmt":"2025-02-27T04:41:22","slug":"caribbean-cinemas-presentara-la-gala-benefica-la-gran-noche-del-cine-con-la-transmision-de-los-premios-de-la-academia-desde-la-gran-pantalla-este-domingo","status":"publish","type":"post","link":"https:\/\/defrentealaverdad.com\/index.php\/2025\/02\/24\/caribbean-cinemas-presentara-la-gala-benefica-la-gran-noche-del-cine-con-la-transmision-de-los-premios-de-la-academia-desde-la-gran-pantalla-este-domingo\/","title":{"rendered":"Caribbean Cinemas presentar\u00e1 la gala ben\u00e9fica \u201cLa Gran Noche del Cine\u201d con la transmisi\u00f3n de los Premios de La Academia desde la gran pantalla este domingo"},"content":{"rendered":"<blockquote>\n<p style=\"text-align: justify;\">El evento se llevar\u00e1 a cabo en Caribbean Cinemas de Downtown Center, a favor de Qui\u00e9reme Como Soy, FEM dominicana y Fundaci\u00f3n El Sol Sale Para Todos<\/p>\n<\/blockquote>\n<p style=\"text-align: justify;\">\u00a0SANTO DOMINGO.- Todo listo para celebrar <em>\u201cLa Gran Noche del Cine\u201d<\/em> este domingo 2 de marzo, una gala ben\u00e9fica organizada por Caribbean Cinemas para celebrar y promover la industria cinematogr\u00e1fica con enfoque filantr\u00f3pico, apoyando en esta ocasi\u00f3n tres causas sociales.<\/p>\n<p style=\"text-align: justify;\">Pautado para las 6:00 de la tarde en Downtown Center, el evento contar\u00e1 con una recepci\u00f3n exclusiva que incluye una amplia variedad de estaciones gastron\u00f3micas de la mano del reconocido chef Emil Vega, barra abierta toda la noche, transmisi\u00f3n en vivo de los Premios Oscar y la presentaci\u00f3n de pel\u00edculas nominadas. Adem\u00e1s de la transmisi\u00f3n de los premios de la academia en vivo, las pel\u00edculas nominadas estar\u00e1n siendo proyectadas en las dem\u00e1s salas.<\/p>\n<p style=\"text-align: justify;\">Cabe resaltar que la magnitud del evento este domingo 2 el cine de Downtown Center cierra sus puertas dedicado solo a la realizaci\u00f3n de este, dejando disponible el \u00e1rea VIP para el p\u00fablico.<\/p>\n<p style=\"text-align: justify;\">Adem\u00e1s, Caribbean Cinemas comunic\u00f3 que La Gran Noche del Cine est\u00e1 siendo presentada a trav\u00e9s de su proyecto de responsabilidad social: CARIBBEAN EDUCA, la cual desarrolla actividades dirigidas a mejorar la educaci\u00f3n a trav\u00e9s del arte y la cultura. Desde este proyecto se han desarrollado iniciativas que han impactado cientos j\u00f3venes emprendedores, mujeres y ni\u00f1os.<\/p>\n<p style=\"text-align: justify;\">La Gran Noche del Cine se ha realizado en Puerto Rico y llega a la Rep\u00fablica Dominicana con una primera entrega que promete reunir a figuras destacadas del cine, la televisi\u00f3n, el entretenimiento y empresas en una noche de reconocimiento y apoyo a las producciones locales e internacionales.<\/p>\n<p style=\"text-align: justify;\"><strong>Pel\u00edculas nominadas que estar\u00e1n disponibles para el disfrute de todos los asistentes:<\/strong><\/p>\n<ol>\n<li>BRUTALIST<\/li>\n<li>TRANSMISION EN VIVO DEL OSCAR<\/li>\n<li>COMPLETE UKNOWN<\/li>\n<li>ANORA<\/li>\n<li>CONCLAVE<\/li>\n<li>WICKED<\/li>\n<li>I\u2019M STILL HERE<\/li>\n<li>EMILIA PEREZ<\/li>\n<li>A REAL PAIN<\/li>\n<li>THE SUBSTANCE<\/li>\n<\/ol>\n<p>Fuente: Caribbean Cinemas<\/p>\n","protected":false},"excerpt":{"rendered":"<p>El evento se llevar\u00e1 a cabo en Caribbean Cinemas de Downtown Center, a favor de<\/p>\n","protected":false},"author":4,"featured_media":40376,"comment_status":"open","ping_status":"open","sticky":false,"template":"","format":"standard","meta":{"footnotes":""},"categories":[248],"tags":[],"class_list":["post-40375","post","type-post","status-publish","format-standard","has-post-thumbnail","hentry","category-cine"],"_links":{"self":[{"href":"https:\/\/defrentealaverdad.com\/index.php\/wp-json\/wp\/v2\/posts\/40375","targetHints":{"allow":["GET"]}}],"collection":[{"href":"https:\/\/defrentealaverdad.com\/index.php\/wp-json\/wp\/v2\/posts"}],"about":[{"href":"https:\/\/defrentealaverdad.com\/index.php\/wp-json\/wp\/v2\/types\/post"}],"author":[{"embeddable":true,"href":"https:\/\/defrentealaverdad.com\/index.php\/wp-json\/wp\/v2\/users\/4"}],"replies":[{"embeddable":true,"href":"https:\/\/defrentealaverdad.com\/index.php\/wp-json\/wp\/v2\/comments?post=40375"}],"version-history":[{"count":1,"href":"https:\/\/defrentealaverdad.com\/index.php\/wp-json\/wp\/v2\/posts\/40375\/revisions"}],"predecessor-version":[{"id":40377,"href":"https:\/\/defrentealaverdad.com\/index.php\/wp-json\/wp\/v2\/posts\/40375\/revisions\/40377"}],"wp:featuredmedia":[{"embeddable":true,"href":"https:\/\/defrentealaverdad.com\/index.php\/wp-json\/wp\/v2\/media\/40376"}],"wp:attachment":[{"href":"https:\/\/defrentealaverdad.com\/index.php\/wp-json\/wp\/v2\/media?parent=40375"}],"wp:term":[{"taxonomy":"category","embeddable":true,"href":"https:\/\/defrentealaverdad.com\/index.php\/wp-json\/wp\/v2\/categories?post=40375"},{"taxonomy":"post_tag","embeddable":true,"href":"https:\/\/defrentealaverdad.com\/index.php\/wp-json\/wp\/v2\/tags?post=40375"}],"curies":[{"name":"wp","href":"https:\/\/api.w.org\/{rel}","templated":true}]}}