{"id":40365,"date":"2025-02-26T20:52:28","date_gmt":"2025-02-26T20:52:28","guid":{"rendered":"https:\/\/defrentealaverdad.com\/?p=40365"},"modified":"2025-02-27T00:52:53","modified_gmt":"2025-02-27T00:52:53","slug":"un-dia-en-la-historia-traslado-de-los-restos-de-duarte-a-rd","status":"publish","type":"post","link":"https:\/\/defrentealaverdad.com\/index.php\/2025\/02\/26\/un-dia-en-la-historia-traslado-de-los-restos-de-duarte-a-rd\/","title":{"rendered":"Un d\u00eda en la historia: Traslado de los restos de Duarte a RD"},"content":{"rendered":"<p style=\"text-align: justify;\">Un d\u00eda como hoy en el 1884, elGobierno dominicano, bajo el mandato de Ulises Heureaux (Lil\u00eds), orden\u00f3 el traslado de los restos de Juan Pablo Duarte al pa\u00eds.<\/p>\n<p style=\"text-align: justify;\">Su hermana, Rosa, recibi\u00f3 los restos del pr\u00f3cer en un solemne acto, el cual consider\u00f3 como una intervenci\u00f3n divina para que Duarte ocupe su merecido lugar en la historia nacional.<\/p>\n<p style=\"text-align: justify;\">Una comisi\u00f3n especial, que viaj\u00f3 a Caracas a bordo de la goleta La Leonora, trajo los restos a nuestro pa\u00eds. Los restos \u00f3seos hab\u00edan sido exhumados y luego sepultados en la iglesia de Santa Rosal\u00eda, con la presencia de autoridades venezolanas.<\/p>\n<p style=\"text-align: justify;\">A su llegada a Santo Domingo, el Ayuntamiento se present\u00f3 en el muelle del Ozama donde fueron recibidos (en lo que hoy popularmente se conoce como avenida del Puerto).<\/p>\n<p style=\"text-align: justify;\">Este r\u00edo, testigo de los momentos clave en la vida de Duarte desde su infancia, juventud, exilio y retorno triunfal, ahora lo vio aquel evento del fundador de nuestra patria.<\/p>\n<p style=\"text-align: justify;\">Sus restos fueron depositados temporalmente en la Comandancia del Puerto, custodiados por una guardia de honor.<\/p>\n<p style=\"text-align: justify;\">Finalmente, se trasladaron a la Catedral Primada de Am\u00e9rica, donde el presb\u00edtero Fernando Arturo de Meri\u00f1o pronunci\u00f3 un emotivo discurso, deseando que Duarte descansara en paz, en Dios y la Patria.<\/p>\n<p style=\"text-align: justify;\">As\u00ed, el pueblo dominicano rindi\u00f3 homenaje al Padre de la Patria, reconociendo su legado eterno.<\/p>\n<p>&nbsp;<\/p>\n<p>Fuente: Nuevo Diario<\/p>\n","protected":false},"excerpt":{"rendered":"<p>Un d\u00eda como hoy en el 1884, elGobierno dominicano, bajo el mandato de Ulises Heureaux<\/p>\n","protected":false},"author":2,"featured_media":40366,"comment_status":"open","ping_status":"open","sticky":false,"template":"","format":"standard","meta":{"footnotes":""},"categories":[7],"tags":[],"class_list":["post-40365","post","type-post","status-publish","format-standard","has-post-thumbnail","hentry","category-nacionales"],"_links":{"self":[{"href":"https:\/\/defrentealaverdad.com\/index.php\/wp-json\/wp\/v2\/posts\/40365","targetHints":{"allow":["GET"]}}],"collection":[{"href":"https:\/\/defrentealaverdad.com\/index.php\/wp-json\/wp\/v2\/posts"}],"about":[{"href":"https:\/\/defrentealaverdad.com\/index.php\/wp-json\/wp\/v2\/types\/post"}],"author":[{"embeddable":true,"href":"https:\/\/defrentealaverdad.com\/index.php\/wp-json\/wp\/v2\/users\/2"}],"replies":[{"embeddable":true,"href":"https:\/\/defrentealaverdad.com\/index.php\/wp-json\/wp\/v2\/comments?post=40365"}],"version-history":[{"count":1,"href":"https:\/\/defrentealaverdad.com\/index.php\/wp-json\/wp\/v2\/posts\/40365\/revisions"}],"predecessor-version":[{"id":40367,"href":"https:\/\/defrentealaverdad.com\/index.php\/wp-json\/wp\/v2\/posts\/40365\/revisions\/40367"}],"wp:featuredmedia":[{"embeddable":true,"href":"https:\/\/defrentealaverdad.com\/index.php\/wp-json\/wp\/v2\/media\/40366"}],"wp:attachment":[{"href":"https:\/\/defrentealaverdad.com\/index.php\/wp-json\/wp\/v2\/media?parent=40365"}],"wp:term":[{"taxonomy":"category","embeddable":true,"href":"https:\/\/defrentealaverdad.com\/index.php\/wp-json\/wp\/v2\/categories?post=40365"},{"taxonomy":"post_tag","embeddable":true,"href":"https:\/\/defrentealaverdad.com\/index.php\/wp-json\/wp\/v2\/tags?post=40365"}],"curies":[{"name":"wp","href":"https:\/\/api.w.org\/{rel}","templated":true}]}}