{"id":40362,"date":"2025-02-26T17:01:53","date_gmt":"2025-02-26T17:01:53","guid":{"rendered":"https:\/\/defrentealaverdad.com\/?p=40362"},"modified":"2025-02-26T17:01:53","modified_gmt":"2025-02-26T17:01:53","slug":"alcalde-alexander-rodriguez-afirma-el-buen-manejo-de-los-fondos-han-garantizado-el-desarrollo-de-la-otra-banda","status":"publish","type":"post","link":"https:\/\/defrentealaverdad.com\/index.php\/2025\/02\/26\/alcalde-alexander-rodriguez-afirma-el-buen-manejo-de-los-fondos-han-garantizado-el-desarrollo-de-la-otra-banda\/","title":{"rendered":"Alcalde Alexander Rodr\u00edguez afirma el buen manejo de los fondos han garantizado el desarrollo de La Otra Banda"},"content":{"rendered":"<p style=\"text-align: justify;\"><strong>Hig\u00fcey.La Otra Banda RD<\/strong> &#8211; El alcalde del distrito municipal la Otra banda, Alexander Rodr\u00edguez, conocido popularmente como el hijo del pueblo, destaca que a casi un a\u00f1o de gesti\u00f3n y con una buena gerencia de los fondos que llegan al ayuntamiento se han logrados grandes transformaciones urban\u00edstica para el progreso y desarrollo del municipio que tiene una vocaci\u00f3n tur\u00edstica<\/p>\n<p style=\"text-align: justify;\">Entre las obras resalta que se est\u00e1 construyendo el Boulevar de la Otra Banda, lo que viene a dinamizar el turismo en la zona, que hay que resaltar que la inversi\u00f3n en turismo del pa\u00eds, debe tambi\u00e9n tomar en cuenta este pujante y prometedor distrito municipal de La Otra Banda.<\/p>\n<p style=\"text-align: justify;\">El ejecutivo municipal asegur\u00f3 que las instituciones del Gobierno lo van apoyar como lo est\u00e1 haciendo el ministerio de Obras P\u00fablicas que ya tiene acuerdo para el bacheos de diferentes calles del municipio, sin importar que \u00e9l sea de un partido contrario<em> \u201cesto no es tiempo de pol\u00edtica, es tiempo de trabajar el pa\u00eds y el municipio\u201d<\/em> preciso.<\/p>\n<p style=\"text-align: justify;\">Adem\u00e1s la entrega de un play a se incluyen la instalaci\u00f3n de un sistema de iluminaci\u00f3n con su propio transformador, la compra de una planta el\u00e9ctrica de 40 kilos, la construcci\u00f3n de una cafeter\u00eda, la edificaci\u00f3n de un cuarto para la planta, una pintura completa y el arreglo del terreno<\/p>\n<p style=\"text-align: justify;\">El alcalde que pertenece al Partido de la Liberaci\u00f3n Dominicana (PLD) pero reconoce que es elegido para trabajar por el pueblo como deben de hacer cada uno de los servidores p\u00fablicos que son elegidos por votos populares.<\/p>\n<p style=\"text-align: justify;\">Rodr\u00edguez enfatiz\u00f3 que el crecimiento de La Otra Banda impacta directamente en el desarrollo nacional, especialmente en el sector tur\u00edstico.<\/p>\n<blockquote>\n<p style=\"text-align: justify;\">\u201cQueremos enviar un mensaje claro a los inversionistas: no hay nada que temer, todo est\u00e1 bajo control. Existen garant\u00edas y vamos a proteger la inversi\u00f3n extranjera y local\u201d, expres\u00f3 el edil.<\/p>\n<\/blockquote>\n<p style=\"text-align: justify;\">Rodr\u00edguez enfatiz\u00f3 que el crecimiento de La Otra Banda impacta directamente en el desarrollo nacional, especialmente en el sector tur\u00edstico.<\/p>\n<blockquote>\n<p style=\"text-align: justify;\"><em>\u00abEsperamos un desarrollo real, no solo en La Otra Banda, sino en toda la naci\u00f3n\u00bb<\/em><\/p>\n<\/blockquote>\n<p style=\"text-align: justify;\">Al ser cuestionado sobre sus ejecutorias aseguro que en sus primeros 100 d\u00edas de gobierno municipal logr\u00f3 una verdadera transformaci\u00f3n en el municipio dando como resultado tener que abrir varios frentes de trabajos con diferentes brigadas para sacar este municipio del abandon\u00f3.<\/p>\n<p style=\"text-align: justify;\">El edil expres\u00f3 que su gesti\u00f3n ha logrado, contenes, badenes, construcci\u00f3n de aceras adem\u00e1s una buena recolecci\u00f3n de los desechos s\u00f3lidos y lo m\u00e1s importante es la integraci\u00f3n del liderazgo comunitario en el municipio.<\/p>\n<p style=\"text-align: justify;\">Finalmente agradeci\u00f3 al pueblo, por darle la oportunidad de dirigir este ayuntamiento y contar con el respaldo de los l\u00edderes empresarios, comunitarios y religiosos para junto lograr el desarrollo del municipio.<\/p>\n<p>Fuente: Alcad\u00eda Otra Banda<\/p>\n","protected":false},"excerpt":{"rendered":"<p>Hig\u00fcey.La Otra Banda RD &#8211; El alcalde del distrito municipal la Otra banda, Alexander Rodr\u00edguez,<\/p>\n","protected":false},"author":1,"featured_media":40363,"comment_status":"open","ping_status":"open","sticky":false,"template":"","format":"standard","meta":{"footnotes":""},"categories":[7],"tags":[],"class_list":["post-40362","post","type-post","status-publish","format-standard","has-post-thumbnail","hentry","category-nacionales"],"_links":{"self":[{"href":"https:\/\/defrentealaverdad.com\/index.php\/wp-json\/wp\/v2\/posts\/40362","targetHints":{"allow":["GET"]}}],"collection":[{"href":"https:\/\/defrentealaverdad.com\/index.php\/wp-json\/wp\/v2\/posts"}],"about":[{"href":"https:\/\/defrentealaverdad.com\/index.php\/wp-json\/wp\/v2\/types\/post"}],"author":[{"embeddable":true,"href":"https:\/\/defrentealaverdad.com\/index.php\/wp-json\/wp\/v2\/users\/1"}],"replies":[{"embeddable":true,"href":"https:\/\/defrentealaverdad.com\/index.php\/wp-json\/wp\/v2\/comments?post=40362"}],"version-history":[{"count":1,"href":"https:\/\/defrentealaverdad.com\/index.php\/wp-json\/wp\/v2\/posts\/40362\/revisions"}],"predecessor-version":[{"id":40364,"href":"https:\/\/defrentealaverdad.com\/index.php\/wp-json\/wp\/v2\/posts\/40362\/revisions\/40364"}],"wp:featuredmedia":[{"embeddable":true,"href":"https:\/\/defrentealaverdad.com\/index.php\/wp-json\/wp\/v2\/media\/40363"}],"wp:attachment":[{"href":"https:\/\/defrentealaverdad.com\/index.php\/wp-json\/wp\/v2\/media?parent=40362"}],"wp:term":[{"taxonomy":"category","embeddable":true,"href":"https:\/\/defrentealaverdad.com\/index.php\/wp-json\/wp\/v2\/categories?post=40362"},{"taxonomy":"post_tag","embeddable":true,"href":"https:\/\/defrentealaverdad.com\/index.php\/wp-json\/wp\/v2\/tags?post=40362"}],"curies":[{"name":"wp","href":"https:\/\/api.w.org\/{rel}","templated":true}]}}