{"id":40359,"date":"2025-02-25T14:47:35","date_gmt":"2025-02-25T14:47:35","guid":{"rendered":"https:\/\/defrentealaverdad.com\/?p=40359"},"modified":"2025-02-26T14:49:24","modified_gmt":"2025-02-26T14:49:24","slug":"opinion-invitada-la-cuevas-de-el-pomier-un-majestuoso-lugar-y-patrimonio-cultural-de-la-humanidad","status":"publish","type":"post","link":"https:\/\/defrentealaverdad.com\/index.php\/2025\/02\/25\/opinion-invitada-la-cuevas-de-el-pomier-un-majestuoso-lugar-y-patrimonio-cultural-de-la-humanidad\/","title":{"rendered":"Opini\u00f3n Invitada: La Cuevas de El Pomier un majestuoso lugar y Patrimonio Cultural de la Humanidad."},"content":{"rendered":"<p style=\"text-align: justify;\">San Crist\u00f3bal,R.D- En un recorrido realizado por cientos de comunicadores que agrupa el gremio Colegio Dominicano de Periodistas (CDP), el Sindicato de Trabajadores de la Prensa (SNTP), el Instituto de Previsi\u00f3n y Protecci\u00f3n del Periodista (IPPP) y la Cooperativa Nacional de la Prensa se unieron en un esfuerzo para que las autoridades puedan garantizar el cuidado y protecci\u00f3n ambiental de los recursos naturales destacando la importancia de la preservaci\u00f3n de la Cuevas de El Pomier que es un patrimonio cultural de la humanidad<\/p>\n<p style=\"text-align: justify;\">En el marco de un Tour period\u00edstico por la Provincia de San Crist\u00f3bal d\u00f3nde adem\u00e1s se visitaron varios lugares emblem\u00e1ticos e hist\u00f3ricos de esa ciudad, donde el recorrido inicio con un Acto en el Monumento los Constituyentes con la presencia de la m\u00e1xima autoridad municipal el Alcalde Nelson de la Rosa al igual que la Gobernadora Pura Casilla quienes valoraron el respaldo de los periodistas y el inter\u00e9s por el cuidado del medio ambiente y sus Recursos Naturales.<\/p>\n<p style=\"text-align: justify;\">El Presidente del CDP, Aurelio Henr\u00edquez enfatiz\u00f3 la responsabilidad que tiene el estado de garantizar la protecci\u00f3n y cuidado de las Cuevas de El Pomier ante el peligro o amenazas para su preservaci\u00f3n.<\/p>\n<p style=\"text-align: justify;\">De igual manera, el Secretario Nacional del SNTP, Jos\u00e9 Beato, se pronunci\u00f3 e hizo un llamado al presidente Luis Abinader para que se tome una decisi\u00f3n adecuada con el caso de las Cuevas, y m\u00e1s ante las denuncias sociales de que la miner\u00eda en esa zona, est\u00e1 perjudicando el recurso patrimonial.<\/p>\n<p style=\"text-align: justify;\">Los comunicadores se trasladaron a la Parroquia Nuestra Se\u00f1ora de la Consolaci\u00f3n, luego al castillo del Cerro hasta llegar a las Cuevas de El Pomier. Todo el recorrido los asistentes fueron guiados por el historiador y director del Polit\u00e9cnico Loyola, profesor Eugenio Gal\u00e1n, quien ofreci\u00f3 explicaciones hist\u00f3ricas de cada uno de los monumentos visitados.<\/p>\n<p style=\"text-align: justify;\">Cabe destacar que La Cuevas de El Pomier es un monumento natural, reserva antropol\u00f3gica situada en San Crist\u00f3bal la cual fue constituida como la primera cuidad dominicana que tuvo el honor de ser la cuna de la primera Constituci\u00f3n pol\u00edtica de los dominicanos.<\/p>\n<p style=\"text-align: justify;\">El lugar m\u00e1gico que siglos antes, era cuna de abor\u00edgenes, muestra de ellos las grandes cavernas del Pomier, que guarda una cultura milenaria cuya caracter\u00edstica es el arte rupestre que las hace \u00fanicas y por lo que es un Patrimonio de la Humanidad declarada por la UNESCO.<\/p>\n<p style=\"text-align: justify;\">La historia de este lugar era un santuario de actividades sociales y religiosas de los pueblos que se juntaban en el lugar para realizar sus encuentros y rituales propios de su cultura ancestral. Sus ca\u00f1os de agua que brotaban de una pe\u00f1a en una monta\u00f1a que conduce hasta el dep\u00f3sito de la Toma el balneario donde cientos de visitantes se sumergen y disfrutan de un ba\u00f1o adem\u00e1s de recrearse en el mismo.<\/p>\n<p style=\"text-align: justify;\">El tour period\u00edstico fue organizado por la destacada periodista, Mercedes Castillo, en conjunto con la direcci\u00f3n de los gremios period\u00edsticos, y las filiales del CDP y el SNTP en San Crist\u00f3bal, que dirigen \u00c0ngel Cabrera y Julio Delgadillo, respectivamente, bajo la asesor\u00eda de Miguelin Rodr\u00edguez.<\/p>\n<p style=\"text-align: justify;\">Cabe resaltar que los participantes fueron transportados c\u00f3modamente a cada uno de los destinos, de igual manera disfrutaron de refrigerio y material educativo sobre la Cuidad de San Crist\u00f3bal.<\/p>\n<p style=\"text-align: justify;\">Es crucial que el gobierno, empresas y ciudadanos trabajen en conjunto para adoptar pr\u00e1cticas sostenibles. Desde la implementaci\u00f3n de pol\u00edticas ambientales m\u00e1s estrictas hasta la promoci\u00f3n de h\u00e1bitos de consumo responsable, cada acci\u00f3n cuenta para mitigar los da\u00f1os al planeta pero en especial a nuestro patrimonio \u201cLa Cuevas de El Pomier\u201d. La educaci\u00f3n ambiental y la conciencia colectiva son herramientas clave en esta lucha por la conservaci\u00f3n.<\/p>\n<p style=\"text-align: justify;\">Finalmente el llamado a la acci\u00f3n es claro: el momento de actuar es ahora. La preservaci\u00f3n del medio ambiente no es solo una responsabilidad gubernamental o corporativa, sino un compromiso de todos. Solo mediante un esfuerzo conjunto se podr\u00e1 garantizar un planeta habitable para las futuras generaciones.<\/p>\n<p>Fuente: Elizabeth Garc\u00eda<\/p>\n<p>&nbsp;<\/p>\n<p>&nbsp;<\/p>\n<p>&nbsp;<\/p>\n<p>&nbsp;<\/p>\n<p>&nbsp;<\/p>\n<p>&nbsp;<\/p>\n<p>&nbsp;<\/p>\n<p>&nbsp;<\/p>\n<p>&nbsp;<\/p>\n<p>&nbsp;<\/p>\n<p>&nbsp;<\/p>\n<p>&nbsp;<\/p>\n","protected":false},"excerpt":{"rendered":"<p>San Crist\u00f3bal,R.D- En un recorrido realizado por cientos de comunicadores que agrupa el gremio Colegio<\/p>\n","protected":false},"author":1,"featured_media":40360,"comment_status":"open","ping_status":"open","sticky":false,"template":"","format":"standard","meta":{"footnotes":""},"categories":[4],"tags":[],"class_list":["post-40359","post","type-post","status-publish","format-standard","has-post-thumbnail","hentry","category-opiniones"],"_links":{"self":[{"href":"https:\/\/defrentealaverdad.com\/index.php\/wp-json\/wp\/v2\/posts\/40359","targetHints":{"allow":["GET"]}}],"collection":[{"href":"https:\/\/defrentealaverdad.com\/index.php\/wp-json\/wp\/v2\/posts"}],"about":[{"href":"https:\/\/defrentealaverdad.com\/index.php\/wp-json\/wp\/v2\/types\/post"}],"author":[{"embeddable":true,"href":"https:\/\/defrentealaverdad.com\/index.php\/wp-json\/wp\/v2\/users\/1"}],"replies":[{"embeddable":true,"href":"https:\/\/defrentealaverdad.com\/index.php\/wp-json\/wp\/v2\/comments?post=40359"}],"version-history":[{"count":1,"href":"https:\/\/defrentealaverdad.com\/index.php\/wp-json\/wp\/v2\/posts\/40359\/revisions"}],"predecessor-version":[{"id":40361,"href":"https:\/\/defrentealaverdad.com\/index.php\/wp-json\/wp\/v2\/posts\/40359\/revisions\/40361"}],"wp:featuredmedia":[{"embeddable":true,"href":"https:\/\/defrentealaverdad.com\/index.php\/wp-json\/wp\/v2\/media\/40360"}],"wp:attachment":[{"href":"https:\/\/defrentealaverdad.com\/index.php\/wp-json\/wp\/v2\/media?parent=40359"}],"wp:term":[{"taxonomy":"category","embeddable":true,"href":"https:\/\/defrentealaverdad.com\/index.php\/wp-json\/wp\/v2\/categories?post=40359"},{"taxonomy":"post_tag","embeddable":true,"href":"https:\/\/defrentealaverdad.com\/index.php\/wp-json\/wp\/v2\/tags?post=40359"}],"curies":[{"name":"wp","href":"https:\/\/api.w.org\/{rel}","templated":true}]}}