{"id":40348,"date":"2025-02-25T14:32:15","date_gmt":"2025-02-25T14:32:15","guid":{"rendered":"https:\/\/defrentealaverdad.com\/?p=40348"},"modified":"2025-02-26T14:34:14","modified_gmt":"2025-02-26T14:34:14","slug":"digesett-recibe-de-interior-y-policia-camionetas-y-radares-para-reforzar-seguridad-vial","status":"publish","type":"post","link":"https:\/\/defrentealaverdad.com\/index.php\/2025\/02\/25\/digesett-recibe-de-interior-y-policia-camionetas-y-radares-para-reforzar-seguridad-vial\/","title":{"rendered":"DIGESETT recibe de Interior y Polic\u00eda camionetas y radares para reforzar seguridad vial"},"content":{"rendered":"<p style=\"text-align: justify;\">Santo Domingo. \u2013 La ministra de Interior y Polic\u00eda, Faride Raful, entreg\u00f3 este lunes una nueva flotilla de camionetas a la Direcci\u00f3n General de Seguridad de Tr\u00e1nsito y Transporte Terrestre (Digesett) para fortalecer las operaciones de seguridad vial en todo el pa\u00eds.<\/p>\n<p style=\"text-align: justify;\">Los veh\u00edculos fueron recibidos por el director de la Digesett, general de la Polic\u00eda Nacional Francisco Osoria de la Cruz, en un acto realizado en la sede central de la instituci\u00f3n.<\/p>\n<p style=\"text-align: justify;\">En el mismo contexto, la Polic\u00eda Nacional dot\u00f3 a la Digesett de radares digitales para reforzar el control de velocidad en las carreteras, contribuyendo as\u00ed a la prevenci\u00f3n de accidentes de tr\u00e1nsito causados por el exceso de velocidad. Asimismo, el Sistema Nacional de Atenci\u00f3n a Emergencias 911 entreg\u00f3 200 c\u00e1maras corporales para mejorar la supervisi\u00f3n del trabajo de los agentes y garantizar mayor transparencia en sus intervenciones.<\/p>\n<p style=\"text-align: justify;\">En el acto, la ministra Raful destac\u00f3 que esta entrega responde al compromiso del presidente Luis Abinader de mejorar la seguridad vial y reducir la siniestralidad en las carreteras.<\/p>\n<p style=\"text-align: justify;\">Por su parte, el director de la Polic\u00eda Nacional, mayor general Ram\u00f3n Antonio Guzm\u00e1n Peralta, resalt\u00f3 la importancia de estos radares, los cuales permitir\u00e1n una fiscalizaci\u00f3n m\u00e1s precisa del tr\u00e1fico y una aplicaci\u00f3n m\u00e1s efectiva de la ley. Estos equipos tienen un rango de acci\u00f3n de 200 metros, registrando la velocidad, hora y fecha de la infracci\u00f3n.<\/p>\n<p style=\"text-align: justify;\">Al recibir los nuevos recursos, Osoria de la Cruz agradeci\u00f3 al presidente Abinader, a la ministra Raful y al director de la Polic\u00eda por su respaldo, asegurando que estos insumos ser\u00e1n fundamentales para mejorar la fiscalizaci\u00f3n y salvar vidas en las v\u00edas.<\/p>\n<p style=\"text-align: justify;\">Los diez veh\u00edculos ser\u00e1n incorporados de inmediato a las labores de patrullaje y control en puntos estrat\u00e9gicos del pa\u00eds, reforzando la vigilancia en carreteras y zonas urbanas de alto flujo vehicular.<\/p>\n<p style=\"text-align: justify;\">Estuvieron presentes los viceministros de Interior y Polic\u00eda, Chandrai Est\u00e9vez, Antonio Palma y Carlos Ogando; el director administrativo del MIP, \u00c1ngel Alba; el director de Transportaci\u00f3n, Juan Lorenzo Flores; y Leandro Garc\u00eda, director administrativo de la Digesett, junto a oficiales de la Polic\u00eda y la Digesett.<\/p>\n<p style=\"text-align: justify;\">Esta acci\u00f3n forma parte de los compromisos del Pacto Nacional por la Seguridad Vial 2025-2030, firmado el 19 de noviembre del a\u00f1o pasado por el presidente Luis Abinader y diversas instituciones nacionales. El acuerdo busca fortalecer el patrullaje en carreteras y v\u00edas urbanas, priorizando las zonas con mayores \u00edndices de accidentes de tr\u00e1nsito.<\/p>\n<p style=\"text-align: justify;\">Fuente: Dir. Com. PN\/DIGESSETT<\/p>\n","protected":false},"excerpt":{"rendered":"<p>Santo Domingo. \u2013 La ministra de Interior y Polic\u00eda, Faride Raful, entreg\u00f3 este lunes una<\/p>\n","protected":false},"author":1,"featured_media":40349,"comment_status":"open","ping_status":"open","sticky":false,"template":"","format":"standard","meta":{"footnotes":""},"categories":[7],"tags":[],"class_list":["post-40348","post","type-post","status-publish","format-standard","has-post-thumbnail","hentry","category-nacionales"],"_links":{"self":[{"href":"https:\/\/defrentealaverdad.com\/index.php\/wp-json\/wp\/v2\/posts\/40348","targetHints":{"allow":["GET"]}}],"collection":[{"href":"https:\/\/defrentealaverdad.com\/index.php\/wp-json\/wp\/v2\/posts"}],"about":[{"href":"https:\/\/defrentealaverdad.com\/index.php\/wp-json\/wp\/v2\/types\/post"}],"author":[{"embeddable":true,"href":"https:\/\/defrentealaverdad.com\/index.php\/wp-json\/wp\/v2\/users\/1"}],"replies":[{"embeddable":true,"href":"https:\/\/defrentealaverdad.com\/index.php\/wp-json\/wp\/v2\/comments?post=40348"}],"version-history":[{"count":1,"href":"https:\/\/defrentealaverdad.com\/index.php\/wp-json\/wp\/v2\/posts\/40348\/revisions"}],"predecessor-version":[{"id":40350,"href":"https:\/\/defrentealaverdad.com\/index.php\/wp-json\/wp\/v2\/posts\/40348\/revisions\/40350"}],"wp:featuredmedia":[{"embeddable":true,"href":"https:\/\/defrentealaverdad.com\/index.php\/wp-json\/wp\/v2\/media\/40349"}],"wp:attachment":[{"href":"https:\/\/defrentealaverdad.com\/index.php\/wp-json\/wp\/v2\/media?parent=40348"}],"wp:term":[{"taxonomy":"category","embeddable":true,"href":"https:\/\/defrentealaverdad.com\/index.php\/wp-json\/wp\/v2\/categories?post=40348"},{"taxonomy":"post_tag","embeddable":true,"href":"https:\/\/defrentealaverdad.com\/index.php\/wp-json\/wp\/v2\/tags?post=40348"}],"curies":[{"name":"wp","href":"https:\/\/api.w.org\/{rel}","templated":true}]}}