{"id":40338,"date":"2025-02-24T18:19:56","date_gmt":"2025-02-24T18:19:56","guid":{"rendered":"https:\/\/defrentealaverdad.com\/?p=40338"},"modified":"2025-02-26T14:20:53","modified_gmt":"2025-02-26T14:20:53","slug":"declaraciones-de-la-presidenta-de-la-copardom-laura-pena-izquierdo-el-lunes-24-de-febrero-en-la-reunion-del-comite-nacional-de-salarios","status":"publish","type":"post","link":"https:\/\/defrentealaverdad.com\/index.php\/2025\/02\/24\/declaraciones-de-la-presidenta-de-la-copardom-laura-pena-izquierdo-el-lunes-24-de-febrero-en-la-reunion-del-comite-nacional-de-salarios\/","title":{"rendered":"Declaraciones de la presidenta de la Copardom, Laura Pe\u00f1a Izquierdo, el lunes 24 de febrero, en la reuni\u00f3n del comit\u00e9 nacional de salarios"},"content":{"rendered":"<p style=\"text-align: justify;\">Santo Domingo, Rep. Dom.- Este lunes el sector empresarial dominicano, representado por la Confederaci\u00f3n Patronal de la Rep\u00fablica Dominicana (Copardom), propuso en la tercera reuni\u00f3n del Comit\u00e9 Nacional de Salarios, un 10 % de aumento para el salario m\u00ednimo del sector privado no sectorizado.<\/p>\n<p style=\"text-align: justify;\">Al hacer uso de la palabra en la reuni\u00f3n, la presidente de la Copardom, Laura Pe\u00f1a Izquierdo, manifest\u00f3 que el sector empresarial propuso ese porcentaje con la opci\u00f3n de ser chequeado el pr\u00f3ximo a\u00f1o 2026.<\/p>\n<p style=\"text-align: justify;\">\u00abLa propuesta del sector empresarial, como ya bien le dijo el presidente del comit\u00e9, es de un 10% para ser aplicado efectivo el primero de abril. Con la apertura de que el a\u00f1o pr\u00f3ximo podamos hacer otro ajuste por la inflaci\u00f3n que se acumula en este a\u00f1o\u00bb, dijo la dirigente empresarial.<\/p>\n<p>Argument\u00f3 que los empresarios tomaron como factor para aumentar los salarios la inflaci\u00f3n acumulada de dos a\u00f1os para atr\u00e1s, 2023-2024.<\/p>\n<p style=\"text-align: justify;\">\u00abLe sumamos un por ciento de productividad y como quiera le sumamos un por ciento adicional y ese por ciento adicional nos dio un 10 %. No estamos proponiendo fraccionar ese 10, sino aplicarlo efectivo primero de abril\u00bb, Indic\u00f3 precis\u00f3 Pe\u00f1a Izquierdo.<\/p>\n<p style=\"text-align: justify;\">El Comit\u00e9 Nacional de Salarios est\u00e1 convocado para ma\u00f1ana martes 25 de febrero, al mediod\u00eda para que el sector sindical estudie la propuesta.<\/p>\n<p style=\"text-align: justify;\">Sobre la mesa hay tres propuestas: una de las centrales sindicales, de un 30 %; la del sector gubernamental, de 20 % y la de los empresarios, de un 10 %, que sumado y dividido da un promedio de un 20%.<\/p>\n<p style=\"text-align: justify;\">Fuente: Prensa Copardom<\/p>\n","protected":false},"excerpt":{"rendered":"<p>Santo Domingo, Rep. Dom.- Este lunes el sector empresarial dominicano, representado por la Confederaci\u00f3n Patronal<\/p>\n","protected":false},"author":4,"featured_media":40341,"comment_status":"open","ping_status":"open","sticky":false,"template":"","format":"standard","meta":{"footnotes":""},"categories":[7],"tags":[],"class_list":["post-40338","post","type-post","status-publish","format-standard","has-post-thumbnail","hentry","category-nacionales"],"_links":{"self":[{"href":"https:\/\/defrentealaverdad.com\/index.php\/wp-json\/wp\/v2\/posts\/40338","targetHints":{"allow":["GET"]}}],"collection":[{"href":"https:\/\/defrentealaverdad.com\/index.php\/wp-json\/wp\/v2\/posts"}],"about":[{"href":"https:\/\/defrentealaverdad.com\/index.php\/wp-json\/wp\/v2\/types\/post"}],"author":[{"embeddable":true,"href":"https:\/\/defrentealaverdad.com\/index.php\/wp-json\/wp\/v2\/users\/4"}],"replies":[{"embeddable":true,"href":"https:\/\/defrentealaverdad.com\/index.php\/wp-json\/wp\/v2\/comments?post=40338"}],"version-history":[{"count":2,"href":"https:\/\/defrentealaverdad.com\/index.php\/wp-json\/wp\/v2\/posts\/40338\/revisions"}],"predecessor-version":[{"id":40340,"href":"https:\/\/defrentealaverdad.com\/index.php\/wp-json\/wp\/v2\/posts\/40338\/revisions\/40340"}],"wp:featuredmedia":[{"embeddable":true,"href":"https:\/\/defrentealaverdad.com\/index.php\/wp-json\/wp\/v2\/media\/40341"}],"wp:attachment":[{"href":"https:\/\/defrentealaverdad.com\/index.php\/wp-json\/wp\/v2\/media?parent=40338"}],"wp:term":[{"taxonomy":"category","embeddable":true,"href":"https:\/\/defrentealaverdad.com\/index.php\/wp-json\/wp\/v2\/categories?post=40338"},{"taxonomy":"post_tag","embeddable":true,"href":"https:\/\/defrentealaverdad.com\/index.php\/wp-json\/wp\/v2\/tags?post=40338"}],"curies":[{"name":"wp","href":"https:\/\/api.w.org\/{rel}","templated":true}]}}