{"id":40331,"date":"2025-02-24T20:04:58","date_gmt":"2025-02-24T20:04:58","guid":{"rendered":"https:\/\/defrentealaverdad.com\/?p=40331"},"modified":"2025-02-26T13:08:20","modified_gmt":"2025-02-26T13:08:20","slug":"blachy-sigue-rompiendo-barreras-y-llevando-el-merengue-tipico-a-nivel-mundial","status":"publish","type":"post","link":"https:\/\/defrentealaverdad.com\/index.php\/2025\/02\/24\/blachy-sigue-rompiendo-barreras-y-llevando-el-merengue-tipico-a-nivel-mundial\/","title":{"rendered":"Blachy sigue rompiendo barreras y llevando el merengue t\u00edpico a nivel mundial."},"content":{"rendered":"<p style=\"text-align: justify;\">El talentoso artista dominicano Blachy contin\u00faa su ascenso imparable en la escena musical internacional, consolid\u00e1ndose como uno de los exponentes m\u00e1s influyentes del merengue t\u00edpico. Con su estilo \u00fanico y su inigualable energ\u00eda en el escenario, Blachy sigue cruzando fronteras y llevando su m\u00fasica a nuevos p\u00fablicos, enalteciendo su g\u00e9nero y representando con orgullo a la Rep\u00fablica Dominicana.<\/p>\n<p style=\"text-align: justify;\">Recientemente, el int\u00e9rprete de \u00abHola P\u00e9rdida\u00bb tuvo una exitosa presentacion en Canad\u00e1, conquistando a cientos de seguidores en el Complexe La Providence de Montreal, poniendo al p\u00fablico a bailar al ritmo de merengue t\u00edpico.<\/p>\n<p style=\"text-align: justify;\">Blachy sigue abri\u00e9ndole camino a su g\u00e9nero a nivel mundial. Su propuesta musical, que combina la esencia tradicional con un toque de modernidad, ha logrado posicionar el merengue de tierra adentro en escenarios internacionales donde ning\u00fan otro artista t\u00edpico hab\u00eda llegado antes.<\/p>\n<p style=\"text-align: justify;\">Cabe destacar que Blachy es el primer artista de su g\u00e9nero en conquistar el p\u00fablico canadiense, consolidando as\u00ed su impacto global y reafirmando que el merengue t\u00edpico sigue m\u00e1s vigente que nunca.<\/p>\n<p style=\"text-align: justify;\">Su exitosa agenda de presentaciones del fin de semana pasado contin\u00fao por los Estados Unidos, donde llev\u00f3 su m\u00fasica hasta Florida. Blachy form\u00f3 parte del Festival Independencia Dominicana celebrado en Orlando, Florida, y tambi\u00e9n encendi\u00f3 la pista en la reconocida discoteca Euphoria Night Club.<\/p>\n<p style=\"text-align: justify;\">Con una carrera en constante crecimiento y una conexi\u00f3n inquebrantable con su p\u00fablico, Blachy sigue demostrando que el merengue t\u00edpico tiene un espacio asegurado en el \u00e1mbito internacional. Su misi\u00f3n de llevar la m\u00fasica dominicana a lo m\u00e1s alto contin\u00faa.<\/p>\n<p>Fuente: Equipo El Blachy<\/p>\n","protected":false},"excerpt":{"rendered":"<p>El talentoso artista dominicano Blachy contin\u00faa su ascenso imparable en la escena musical internacional, consolid\u00e1ndose<\/p>\n","protected":false},"author":4,"featured_media":40332,"comment_status":"open","ping_status":"open","sticky":false,"template":"","format":"standard","meta":{"footnotes":""},"categories":[249],"tags":[],"class_list":["post-40331","post","type-post","status-publish","format-standard","has-post-thumbnail","hentry","category-farandula"],"_links":{"self":[{"href":"https:\/\/defrentealaverdad.com\/index.php\/wp-json\/wp\/v2\/posts\/40331","targetHints":{"allow":["GET"]}}],"collection":[{"href":"https:\/\/defrentealaverdad.com\/index.php\/wp-json\/wp\/v2\/posts"}],"about":[{"href":"https:\/\/defrentealaverdad.com\/index.php\/wp-json\/wp\/v2\/types\/post"}],"author":[{"embeddable":true,"href":"https:\/\/defrentealaverdad.com\/index.php\/wp-json\/wp\/v2\/users\/4"}],"replies":[{"embeddable":true,"href":"https:\/\/defrentealaverdad.com\/index.php\/wp-json\/wp\/v2\/comments?post=40331"}],"version-history":[{"count":1,"href":"https:\/\/defrentealaverdad.com\/index.php\/wp-json\/wp\/v2\/posts\/40331\/revisions"}],"predecessor-version":[{"id":40333,"href":"https:\/\/defrentealaverdad.com\/index.php\/wp-json\/wp\/v2\/posts\/40331\/revisions\/40333"}],"wp:featuredmedia":[{"embeddable":true,"href":"https:\/\/defrentealaverdad.com\/index.php\/wp-json\/wp\/v2\/media\/40332"}],"wp:attachment":[{"href":"https:\/\/defrentealaverdad.com\/index.php\/wp-json\/wp\/v2\/media?parent=40331"}],"wp:term":[{"taxonomy":"category","embeddable":true,"href":"https:\/\/defrentealaverdad.com\/index.php\/wp-json\/wp\/v2\/categories?post=40331"},{"taxonomy":"post_tag","embeddable":true,"href":"https:\/\/defrentealaverdad.com\/index.php\/wp-json\/wp\/v2\/tags?post=40331"}],"curies":[{"name":"wp","href":"https:\/\/api.w.org\/{rel}","templated":true}]}}