{"id":40328,"date":"2025-02-24T12:30:21","date_gmt":"2025-02-24T12:30:21","guid":{"rendered":"https:\/\/defrentealaverdad.com\/?p=40328"},"modified":"2025-02-26T12:36:58","modified_gmt":"2025-02-26T12:36:58","slug":"el-itla-obtiene-la-recertificacion-en-el-sistema-de-gestion-de-calidad-sgc-concedida-por-el-indocal","status":"publish","type":"post","link":"https:\/\/defrentealaverdad.com\/index.php\/2025\/02\/24\/el-itla-obtiene-la-recertificacion-en-el-sistema-de-gestion-de-calidad-sgc-concedida-por-el-indocal\/","title":{"rendered":"El ITLA obtiene la recertificaci\u00f3n en el Sistema de Gesti\u00f3n de Calidad (SGC) concedida por el INDOCAL"},"content":{"rendered":"<blockquote>\n<p style=\"text-align: justify;\">El rector del ITLA, Mtro. Rafael F\u00e9liz Garc\u00eda, destac\u00f3 que la calidad est\u00e1 en el ADN de la instituci\u00f3n, en cada proceso, estrategia y, sobre todo, en la visi\u00f3n de ser referentes en educaci\u00f3n tecnol\u00f3gica<\/p>\n<\/blockquote>\n<p style=\"text-align: justify;\"><strong>Santo Domingo, Rep\u00fablica Dominicana.<\/strong> El Instituto Tecnol\u00f3gico de las Am\u00e9ricas (ITLA) recibi\u00f3 de manera formal la recertificaci\u00f3n en el Sistema de Gesti\u00f3n de Calidad (SGC) bajo la norma ISO 9001:2015 otorgada por del Instituto Dominicano para la Calidad (INDOCAL), un logro que pone de relieve el compromiso con la calidad, la evoluci\u00f3n continua y el desarrollo de la instituci\u00f3n educativa t\u00e9cnico superior especializada en tecnolog\u00eda.<\/p>\n<p style=\"text-align: justify;\">El acto formal de entrega del documento estuvo encabezado por el rector del ITLA, Mtro. Rafael F\u00e9liz Garc\u00eda, y Jhoan Regalado, encargado del departamento de Certificaci\u00f3n de Sistemas del INDOCAL, en compa\u00f1\u00eda de Yamell Pe\u00f1a, directora de Planificaci\u00f3n y Desarrollo.<\/p>\n<p style=\"text-align: justify;\">En relaci\u00f3n con el avance que representa para el ITLA dicha recertificaci\u00f3n en el Sistema de Gesti\u00f3n de Calidad (SGC), Rafael F\u00e9liz Garc\u00eda destac\u00f3 que el documento concedido es la confirmaci\u00f3n de que la entidad que dirige opera con est\u00e1ndares internacionales, cumpliendo con los requisitos normativos, legales y regulatorios. Haciendo \u00e9nfasis en que la calidad est\u00e1 en el ADN de la instituci\u00f3n, en cada proceso, estrategia y, sobre todo, en la visi\u00f3n de ser referentes en educaci\u00f3n tecnol\u00f3gica.<\/p>\n<blockquote>\n<p style=\"text-align: justify;\">\u201cDesde el a\u00f1o 2006, cuando obtuvimos nuestra primera certificaci\u00f3n en ISO 9001:2000, el ITLA ha mantenido una firme convicci\u00f3n: la calidad no es un destino, sino un camino de evoluci\u00f3n constante. Este nuevo reconocimiento, es una muestra del esfuerzo, la disciplina y la dedicaci\u00f3n de todo nuestro equipo\u201d, destac\u00f3 el incumbente.<\/p>\n<\/blockquote>\n<p style=\"text-align: justify;\">El rector puntualiz\u00f3 que la certificaci\u00f3n tambi\u00e9n refleja la capacidad de adaptaci\u00f3n y evoluci\u00f3n del ITLA como organizaci\u00f3n, aline\u00e1ndose con las actualizaciones de la norma e incluyendo la enmienda sobre cambio clim\u00e1tico.<\/p>\n<blockquote>\n<p style=\"text-align: justify;\">\u00abEste es un punto clave en la formulaci\u00f3n del Plan Estrat\u00e9gico Institucional 2025-2028, asegurando que la misi\u00f3n y visi\u00f3n respondan a los retos del presente y del futuro\u00bb, indic\u00f3.<\/p>\n<\/blockquote>\n<p style=\"text-align: justify;\">A su vez, Jhoan Regalado reconoci\u00f3 al equipo administrativo del ITLA por dar prioridad a la calidad en los procesos gerenciales y por sostener una visi\u00f3n estrat\u00e9gica.<\/p>\n<blockquote>\n<p style=\"text-align: justify;\">\u201cEsta certificaci\u00f3n destaca la dedicaci\u00f3n a la excelencia, el progreso constante y el crecimiento institucional, pilares con los cuales est\u00e1 comprometido el ITLA\u201d, expres\u00f3 Regalado.<\/p>\n<\/blockquote>\n<p style=\"text-align: justify;\">La certificaci\u00f3n ISO 9001:2015 que recibi\u00f3 el ITLA es el resultado del proceso de auditor\u00eda llevado a cabo los d\u00edas 27 y 28 de noviembre de 2024, la cual brindar\u00e1 la oportunidad de continuar con el desarrollo de una mentalidad de mejora continua en los servicios.<\/p>\n<p style=\"text-align: justify;\">En el acto estuvieron presentes directivos administrativos del ITLA, representantes de INDOCAL, docentes y colaboradores.<\/p>\n<p>Fuente: Dir. Com. ITLA<\/p>\n","protected":false},"excerpt":{"rendered":"<p>El rector del ITLA, Mtro. Rafael F\u00e9liz Garc\u00eda, destac\u00f3 que la calidad est\u00e1 en el<\/p>\n","protected":false},"author":4,"featured_media":40330,"comment_status":"open","ping_status":"open","sticky":false,"template":"","format":"standard","meta":{"footnotes":""},"categories":[7],"tags":[],"class_list":["post-40328","post","type-post","status-publish","format-standard","has-post-thumbnail","hentry","category-nacionales"],"_links":{"self":[{"href":"https:\/\/defrentealaverdad.com\/index.php\/wp-json\/wp\/v2\/posts\/40328","targetHints":{"allow":["GET"]}}],"collection":[{"href":"https:\/\/defrentealaverdad.com\/index.php\/wp-json\/wp\/v2\/posts"}],"about":[{"href":"https:\/\/defrentealaverdad.com\/index.php\/wp-json\/wp\/v2\/types\/post"}],"author":[{"embeddable":true,"href":"https:\/\/defrentealaverdad.com\/index.php\/wp-json\/wp\/v2\/users\/4"}],"replies":[{"embeddable":true,"href":"https:\/\/defrentealaverdad.com\/index.php\/wp-json\/wp\/v2\/comments?post=40328"}],"version-history":[{"count":1,"href":"https:\/\/defrentealaverdad.com\/index.php\/wp-json\/wp\/v2\/posts\/40328\/revisions"}],"predecessor-version":[{"id":40329,"href":"https:\/\/defrentealaverdad.com\/index.php\/wp-json\/wp\/v2\/posts\/40328\/revisions\/40329"}],"wp:featuredmedia":[{"embeddable":true,"href":"https:\/\/defrentealaverdad.com\/index.php\/wp-json\/wp\/v2\/media\/40330"}],"wp:attachment":[{"href":"https:\/\/defrentealaverdad.com\/index.php\/wp-json\/wp\/v2\/media?parent=40328"}],"wp:term":[{"taxonomy":"category","embeddable":true,"href":"https:\/\/defrentealaverdad.com\/index.php\/wp-json\/wp\/v2\/categories?post=40328"},{"taxonomy":"post_tag","embeddable":true,"href":"https:\/\/defrentealaverdad.com\/index.php\/wp-json\/wp\/v2\/tags?post=40328"}],"curies":[{"name":"wp","href":"https:\/\/api.w.org\/{rel}","templated":true}]}}