{"id":40325,"date":"2025-02-25T12:25:16","date_gmt":"2025-02-25T12:25:16","guid":{"rendered":"https:\/\/defrentealaverdad.com\/?p=40325"},"modified":"2025-02-26T12:25:24","modified_gmt":"2025-02-26T12:25:24","slug":"emilys-beauty-and-hair-extension-center-abre-sus-puertas-en-punta-cana","status":"publish","type":"post","link":"https:\/\/defrentealaverdad.com\/index.php\/2025\/02\/25\/emilys-beauty-and-hair-extension-center-abre-sus-puertas-en-punta-cana\/","title":{"rendered":"Emily\u2019s Beauty and Hair Extension Center abre sus puertas en Punta Cana"},"content":{"rendered":"<p style=\"text-align: justify;\">Sin dudas utilizar extensiones de cabello se ha convertido en un accesorio que ayuda a aumentar la confianza y resaltar la belleza innata de las personas. Es por esto que Emily\u2019s Beauty and Hair Extension Center abri\u00f3 sus puertas en Rep\u00fablica Dominicana, tierra natal de su fundadora, Milagros Santana.<\/p>\n<p style=\"text-align: justify;\">Despu\u00e9s de m\u00e1s de 25 a\u00f1os siendo l\u00edder en venta y montura de extensiones de cabello natural en Puerto Rico, durante un c\u00f3ctel con amigos y familiares, qued\u00f3 oficialmente inaugurado el espacio del reconocido centro de belleza en Plaza Reserva Real #109 (al lado del hotel Lopesan), B\u00e1varo, Punta Cana, donde su propietaria ofreci\u00f3 detalles sobre los nuevos avances que estar\u00e1 implementando para el beneficio de sus clientas, entre los cuales cabe mencionar un \u00e1rea de spa moderna y con las \u00faltimas tendencias.<\/p>\n<blockquote>\n<p style=\"text-align: justify;\">\u00abQueremos darle un enfoque m\u00e1s relajante a nuestros clientes con la adquisici\u00f3n de nuevos equipos de head spa, para lo que se ha estado entrenado en el asunto con diferentes profesionales del \u00e1rea de Corea, Colombia, China y Jap\u00f3n\u00bb, detall\u00f3 Santana.<\/p>\n<\/blockquote>\n<p style=\"text-align: justify;\">Adem\u00e1s de sus instalaciones en Punta Cana, Emily\u2019s Beauty and Hair Extension Center se ha destacado en el mundo de la belleza con sus cuatro sucursales en Puerto Rico: Ponce, Caguas, Bayam\u00f3n y Mayag\u00fcez.<\/p>\n<p style=\"text-align: justify;\">Servicios Emily\u2019s Beauty and Hair Extension Center: Venta y montura de extensiones de cabello, lavado, secado, corte, t\u00e9cnicas de color, tratamientos de keratina, masajes corporales, manicura, pedicura y u\u00f1as acr\u00edlicas.<\/p>\n<p style=\"text-align: justify;\"><strong>M\u00e1s sobre Emily\u2019s Beauty and Hair Extension Center<\/strong><\/p>\n<p style=\"text-align: justify;\">En el a\u00f1o 1999, Milagros Santana fund\u00f3 Emily Hair Extension en el pueblo de Villalba, que funcion\u00f3 por 10 a\u00f1os. Luego, en 2008, abre una sucursal en Ponce, hasta que en 2021 tambi\u00e9n abre una segunda en Caguas y la tercera locaci\u00f3n en Bayam\u00f3n, adem\u00e1s recientemente su cuarto sal\u00f3n en Mayag\u00fcez, logrando consolidarse como l\u00edder en la isla.<\/p>\n<p style=\"text-align: justify;\">Esta constancia y solidez ha logrado que reconocidas personalidades de Puerto Rico y Rep\u00fablica Dominicana conf\u00eden en Emily\u2019s Beauty and Hair Extension Center, entre ellas Jennifer Fungenzi, Maripily Rivera y misses dominicanas y puertorrique\u00f1as.\u00a0 M\u00e1s detalles en Redes Sociales: @emilyhairextension<\/p>\n<p style=\"text-align: justify;\">Fuente: Emily\u2019s Beauty and Hair Extension Center<\/p>\n","protected":false},"excerpt":{"rendered":"<p>Sin dudas utilizar extensiones de cabello se ha convertido en un accesorio que ayuda a<\/p>\n","protected":false},"author":4,"featured_media":40326,"comment_status":"open","ping_status":"open","sticky":false,"template":"","format":"standard","meta":{"footnotes":""},"categories":[7],"tags":[],"class_list":["post-40325","post","type-post","status-publish","format-standard","has-post-thumbnail","hentry","category-nacionales"],"_links":{"self":[{"href":"https:\/\/defrentealaverdad.com\/index.php\/wp-json\/wp\/v2\/posts\/40325","targetHints":{"allow":["GET"]}}],"collection":[{"href":"https:\/\/defrentealaverdad.com\/index.php\/wp-json\/wp\/v2\/posts"}],"about":[{"href":"https:\/\/defrentealaverdad.com\/index.php\/wp-json\/wp\/v2\/types\/post"}],"author":[{"embeddable":true,"href":"https:\/\/defrentealaverdad.com\/index.php\/wp-json\/wp\/v2\/users\/4"}],"replies":[{"embeddable":true,"href":"https:\/\/defrentealaverdad.com\/index.php\/wp-json\/wp\/v2\/comments?post=40325"}],"version-history":[{"count":1,"href":"https:\/\/defrentealaverdad.com\/index.php\/wp-json\/wp\/v2\/posts\/40325\/revisions"}],"predecessor-version":[{"id":40327,"href":"https:\/\/defrentealaverdad.com\/index.php\/wp-json\/wp\/v2\/posts\/40325\/revisions\/40327"}],"wp:featuredmedia":[{"embeddable":true,"href":"https:\/\/defrentealaverdad.com\/index.php\/wp-json\/wp\/v2\/media\/40326"}],"wp:attachment":[{"href":"https:\/\/defrentealaverdad.com\/index.php\/wp-json\/wp\/v2\/media?parent=40325"}],"wp:term":[{"taxonomy":"category","embeddable":true,"href":"https:\/\/defrentealaverdad.com\/index.php\/wp-json\/wp\/v2\/categories?post=40325"},{"taxonomy":"post_tag","embeddable":true,"href":"https:\/\/defrentealaverdad.com\/index.php\/wp-json\/wp\/v2\/tags?post=40325"}],"curies":[{"name":"wp","href":"https:\/\/api.w.org\/{rel}","templated":true}]}}