{"id":40322,"date":"2025-02-24T12:20:01","date_gmt":"2025-02-24T12:20:01","guid":{"rendered":"https:\/\/defrentealaverdad.com\/?p=40322"},"modified":"2025-02-26T14:47:31","modified_gmt":"2025-02-26T14:47:31","slug":"opinion-invitada-etica-gremios-de-comunicacion-y-responsabilidad-individual","status":"publish","type":"post","link":"https:\/\/defrentealaverdad.com\/index.php\/2025\/02\/24\/opinion-invitada-etica-gremios-de-comunicacion-y-responsabilidad-individual\/","title":{"rendered":"Opini\u00f3n Invitada: \u00c9tica, gremios de comunicaci\u00f3n y responsabilidad individual.\u00a0\u00a0"},"content":{"rendered":"<p style=\"text-align: justify;\">Desde la honorable funci\u00f3n como directivo del Sindicato Nacional de Trabajadores de la Prensa (SNTP) y de la Sociedad Dominicana de Medios Digitales, Sodomedi, reconocemos la realidad a nivel nacional de los propietarios de medios y trabajadores de los medios en sus diferentes formas en cuanto a colocar informaci\u00f3n veraz y asumir costos de mantenerse sin apoyo estatal o del sector privado.<\/p>\n<p style=\"text-align: justify;\">La responsabilidad es individual cuando asumimos como normal la difamaci\u00f3n, extorsi\u00f3n y distorsi\u00f3n de la noticia con el objetivo de provocar situaciones negativas a personas, gobiernos, instituciones o empresas que tendr\u00e1n que pagar o tomar acciones para detener campa\u00f1as difamatorias<\/p>\n<p style=\"text-align: justify;\">Aunque tambi\u00e9n podemos observar c\u00f3mo este ruido se puede aprovechar, oportunistamente, para colocar mordaza en el teclado del tel\u00e9fono o la computadora, donde este periodista que es como el camar\u00f3grafo y el fotoperiodistas, que son testigos o portavoces de los hechos que son noticias.<\/p>\n<p style=\"text-align: justify;\">M\u00e1s que criticar de forma radical a las instituciones como el Colegio Dominicano de Periodistas (CDP), Sindicato Nacional de Trabajadores de la Prensa, SNTP, Asociaci\u00f3n Dominicana de Diarios, Sociedad Dominicana de Medios Digitales, Sodomedi, Observatorio de Medios Digitales, Asociaci\u00f3n Dominicana de Prensa Tur\u00edstica (Adompretur), entre otros, pienso que debemos fortalecer estos gremios porque de estq fortalecemos nuestra democracia e identidad nacional.<\/p>\n<p style=\"text-align: justify;\">Como directivo del Sindicato Nacional de Trabajadores de la Prensa, afirmo que detr\u00e1s de cada uno de los medios de televisi\u00f3n, radio, plataforma digital, peri\u00f3dico impreso o en la diversidad de formas de expresi\u00f3n que nos permite el Internet, est\u00e1n personas con responsabilidad y vocaci\u00f3n de llevar informaci\u00f3n confiable sobre cualquier tipo de situaci\u00f3n.<\/p>\n<p style=\"text-align: justify;\">Como as\u00ed tambi\u00e9n, podemos observar que personas utilizan de manera irresponsable los medios de comunicaci\u00f3n para montar campa\u00f1as negativas o simplemente manejarse sin nada de \u00e9tica, porque no tienen escr\u00fapulos, algo que debemos rechazar de manera en\u00e9rgica.<\/p>\n<p style=\"text-align: justify;\">Fijar posici\u00f3n en diferentes temas es algo muy distinto a dar como verdadero o colocar un valor absoluto a nuestra opini\u00f3n, por esto siempre es bueno tener filtros en la presentaci\u00f3n de una informaci\u00f3n y no dejarse llevar de la inmediatez o de llegar primero con una noticia que puede ser incompleta o no tener verificaci\u00f3n confiable.<\/p>\n<p style=\"text-align: justify;\">La \u00e9tica est\u00e1 posiblemente en crisis en estos tiempos de avance de la tecnolog\u00eda, pero tambi\u00e9n debemos detener nuestros pasos ya que la huellas de nuestros nombres y apellidos quedar\u00e1n marcados de manera negativa o positiva ante la sociedad o el mismo Internet.<\/p>\n<p style=\"text-align: justify;\">Como Secretario de Organizaci\u00f3n del Distrito Nacional del Sindicato Nacional de Trabajadores de la Prensa, SNTP, y Director de Organizaci\u00f3n de la Sociedad Dominicana de Medios Digitales (Sodomedi), reconocemos que tenemos sobre nosotros la mirada de los sectores sociales, econ\u00f3micos y gubernamentales, pero m\u00e1s que esto, tenemos nuestras propias conciencia de no fallar a nuestras familias y la sociedad.<\/p>\n<p style=\"text-align: justify;\">Para concluir debo seguir repitiendo qu\u00e9 debemos fortalecer los gremios pero tambi\u00e9n recordar que la responsabilidad es individual cuando se comete abusos del privilegio de utilizar los medios de comunicaci\u00f3n.<\/p>\n<p style=\"text-align: justify;\">As\u00ed como tambi\u00e9n debemos recordar que la mejor forma de imponer silencio vertical o mordaza a los medios de comunicaci\u00f3n es cuando sectores oscuros no le convienen esa din\u00e1mica de la pluralidad actual en sus diferentes tipos de manifestaciones individual o colectiva, v\u00eda redes sociales o medios de comunicaci\u00f3n cre\u00edbles.<\/p>\n<p>Fuente: Mario Antonio Lara Valdez<\/p>\n","protected":false},"excerpt":{"rendered":"<p>Desde la honorable funci\u00f3n como directivo del Sindicato Nacional de Trabajadores de la Prensa (SNTP)<\/p>\n","protected":false},"author":1,"featured_media":40323,"comment_status":"open","ping_status":"open","sticky":false,"template":"","format":"standard","meta":{"footnotes":""},"categories":[4],"tags":[],"class_list":["post-40322","post","type-post","status-publish","format-standard","has-post-thumbnail","hentry","category-opiniones"],"_links":{"self":[{"href":"https:\/\/defrentealaverdad.com\/index.php\/wp-json\/wp\/v2\/posts\/40322","targetHints":{"allow":["GET"]}}],"collection":[{"href":"https:\/\/defrentealaverdad.com\/index.php\/wp-json\/wp\/v2\/posts"}],"about":[{"href":"https:\/\/defrentealaverdad.com\/index.php\/wp-json\/wp\/v2\/types\/post"}],"author":[{"embeddable":true,"href":"https:\/\/defrentealaverdad.com\/index.php\/wp-json\/wp\/v2\/users\/1"}],"replies":[{"embeddable":true,"href":"https:\/\/defrentealaverdad.com\/index.php\/wp-json\/wp\/v2\/comments?post=40322"}],"version-history":[{"count":1,"href":"https:\/\/defrentealaverdad.com\/index.php\/wp-json\/wp\/v2\/posts\/40322\/revisions"}],"predecessor-version":[{"id":40324,"href":"https:\/\/defrentealaverdad.com\/index.php\/wp-json\/wp\/v2\/posts\/40322\/revisions\/40324"}],"wp:featuredmedia":[{"embeddable":true,"href":"https:\/\/defrentealaverdad.com\/index.php\/wp-json\/wp\/v2\/media\/40323"}],"wp:attachment":[{"href":"https:\/\/defrentealaverdad.com\/index.php\/wp-json\/wp\/v2\/media?parent=40322"}],"wp:term":[{"taxonomy":"category","embeddable":true,"href":"https:\/\/defrentealaverdad.com\/index.php\/wp-json\/wp\/v2\/categories?post=40322"},{"taxonomy":"post_tag","embeddable":true,"href":"https:\/\/defrentealaverdad.com\/index.php\/wp-json\/wp\/v2\/tags?post=40322"}],"curies":[{"name":"wp","href":"https:\/\/api.w.org\/{rel}","templated":true}]}}