{"id":40319,"date":"2025-02-24T12:13:54","date_gmt":"2025-02-24T12:13:54","guid":{"rendered":"https:\/\/defrentealaverdad.com\/?p=40319"},"modified":"2025-02-26T12:16:04","modified_gmt":"2025-02-26T12:16:04","slug":"mujer-integral-celebran-el-dia-de-la-mujer-con-el-evento-gratuito-mujer-celebra-tu-brillo","status":"publish","type":"post","link":"https:\/\/defrentealaverdad.com\/index.php\/2025\/02\/24\/mujer-integral-celebran-el-dia-de-la-mujer-con-el-evento-gratuito-mujer-celebra-tu-brillo\/","title":{"rendered":"Mujer Integral celebran el D\u00eda de la Mujer con el evento gratuito \u00abMujer, Celebra Tu Brillo\u00bb"},"content":{"rendered":"<p style=\"text-align: justify;\">Santo Domingo \u2013 En el marco del D\u00eda Internacional de la Mujer, la licenciada Mari Hern\u00e1ndez, directora del programa Mujer Integral, junto a su comunidad de mujeres emprendedoras y profesionales, invita a todas las mujeres a un evento especial dise\u00f1ado para honrar, inspirar y fortalecer el papel de la mujer en la sociedad.<\/p>\n<p style=\"text-align: justify;\">Bajo el nombre \u00abMujer, Celebra Tu Brillo\u00bb, esta jornada gratuita tendr\u00e1 lugar el s\u00e1bado 8 de marzo, de 8:30 a.m. a 12:30 p.m., en Colina Centro. Este evento es un regalo especial de la licenciada Mari Hern\u00e1ndez y de la comunidad de Mujer Integral para todas las mujeres, como muestra de gratitud y reconocimiento a su esfuerzo, valent\u00eda y contribuci\u00f3n en todos los \u00e1mbitos de la vida.<\/p>\n<p style=\"text-align: justify;\">Durante esta experiencia transformadora, las asistentes disfrutar\u00e1n de dos paneles inspiradores con mujeres l\u00edderes, una charla central para descubrir su prop\u00f3sito y proyecci\u00f3n personal, una din\u00e1mica para conectar con su esencia y un emotivo cierre donde cada participante recibir\u00e1 un mensaje motivacional. Adem\u00e1s, se fomentar\u00e1 el networking y la creaci\u00f3n de conexiones valiosas entre mujeres.<\/p>\n<blockquote>\n<p style=\"text-align: justify;\">\u201cCada mujer es \u00fanica y brilla con luz propia y este evento es nuestra manera de decirles que son valiosas, que su luz es inigualable y que merecen brillar con confianza. Es un regalo desde el coraz\u00f3n, para recordarles que juntas somos m\u00e1s fuertes\u201d, expres\u00f3 la licenciada Mari Hern\u00e1ndez, presidenta de Mujer Integral.<\/p>\n<\/blockquote>\n<p><strong>Detalles del Evento<\/strong><\/p>\n<p>\u25aa\ufe0e Lugar: Colina Centro<\/p>\n<p>\u25aa\ufe0e Fecha: S\u00e1bado 8 de marzo, 2025<\/p>\n<p>\u25aa\ufe0e Hora: 8:30 a.m. &#8211; 12:30 p.m.<\/p>\n<p>\u25aa\ufe0e Entrada gratuita<\/p>\n<p style=\"text-align: justify;\">Este evento est\u00e1 dirigido a todas las mujeres que deseen vivir un momento de inspiraci\u00f3n, reconocimiento y crecimiento personal. Para m\u00e1s informaci\u00f3n, pueden contactar a trav\u00e9s del correo promujerintegral@gmail.com o al n\u00famero 809-401-8790.<\/p>\n<p>Fuente: Pro Mujer Integral<\/p>\n","protected":false},"excerpt":{"rendered":"<p>Santo Domingo \u2013 En el marco del D\u00eda Internacional de la Mujer, la licenciada Mari<\/p>\n","protected":false},"author":2,"featured_media":40321,"comment_status":"open","ping_status":"open","sticky":false,"template":"","format":"standard","meta":{"footnotes":""},"categories":[7],"tags":[],"class_list":["post-40319","post","type-post","status-publish","format-standard","has-post-thumbnail","hentry","category-nacionales"],"_links":{"self":[{"href":"https:\/\/defrentealaverdad.com\/index.php\/wp-json\/wp\/v2\/posts\/40319","targetHints":{"allow":["GET"]}}],"collection":[{"href":"https:\/\/defrentealaverdad.com\/index.php\/wp-json\/wp\/v2\/posts"}],"about":[{"href":"https:\/\/defrentealaverdad.com\/index.php\/wp-json\/wp\/v2\/types\/post"}],"author":[{"embeddable":true,"href":"https:\/\/defrentealaverdad.com\/index.php\/wp-json\/wp\/v2\/users\/2"}],"replies":[{"embeddable":true,"href":"https:\/\/defrentealaverdad.com\/index.php\/wp-json\/wp\/v2\/comments?post=40319"}],"version-history":[{"count":1,"href":"https:\/\/defrentealaverdad.com\/index.php\/wp-json\/wp\/v2\/posts\/40319\/revisions"}],"predecessor-version":[{"id":40320,"href":"https:\/\/defrentealaverdad.com\/index.php\/wp-json\/wp\/v2\/posts\/40319\/revisions\/40320"}],"wp:featuredmedia":[{"embeddable":true,"href":"https:\/\/defrentealaverdad.com\/index.php\/wp-json\/wp\/v2\/media\/40321"}],"wp:attachment":[{"href":"https:\/\/defrentealaverdad.com\/index.php\/wp-json\/wp\/v2\/media?parent=40319"}],"wp:term":[{"taxonomy":"category","embeddable":true,"href":"https:\/\/defrentealaverdad.com\/index.php\/wp-json\/wp\/v2\/categories?post=40319"},{"taxonomy":"post_tag","embeddable":true,"href":"https:\/\/defrentealaverdad.com\/index.php\/wp-json\/wp\/v2\/tags?post=40319"}],"curies":[{"name":"wp","href":"https:\/\/api.w.org\/{rel}","templated":true}]}}