{"id":40274,"date":"2025-02-25T20:03:24","date_gmt":"2025-02-25T20:03:24","guid":{"rendered":"https:\/\/defrentealaverdad.com\/?p=40274"},"modified":"2025-02-25T20:03:24","modified_gmt":"2025-02-25T20:03:24","slug":"presentan-nueva-colgate-total-prevencion-activa","status":"publish","type":"post","link":"https:\/\/defrentealaverdad.com\/index.php\/2025\/02\/25\/presentan-nueva-colgate-total-prevencion-activa\/","title":{"rendered":"Presentan nueva Colgate Total Prevenci\u00f3n Activa"},"content":{"rendered":"<blockquote>\n<p style=\"text-align: justify;\">La nueva f\u00f3rmula de Colgate Total Prevenci\u00f3n Activa se destaca por prevenir problemas bucales antes de que aparezcan, combatiendo bacterias que son la causa ra\u00edz de los mismos<\/p>\n<\/blockquote>\n<p style=\"text-align: justify;\">Santo Domingo, febrero de 2025. \u2013Colgate present\u00f3 al mercado dominicano su nueva crema dental Colgate Total Prevenci\u00f3n Activa, la cual cuenta con una f\u00f3rmula innovadora que ofrece la prevenci\u00f3n m\u00e1s avanzada de problemas bucales en comparaci\u00f3n a una crema dental sin ingrediente antibacterial.<\/p>\n<blockquote>\n<p style=\"text-align: justify;\">\u201cSomos Colgate Palmolive, una empresa de Crecimiento, Innovaci\u00f3n y Cuidado reimaginando un futuro m\u00e1s saludable para todas las personas, sus mascotas y nuestro planeta\u201d, puntualiz\u00f3 en sus palabras de bienvenida Claudia Hern\u00e1ndez, Vicepresidente y Gerente General de la Regi\u00f3n del Caribe de Colgate-Palmolive.<\/p>\n<\/blockquote>\n<p style=\"text-align: justify;\">Laura C\u00e1ceres, Gerente Regional de Cremas Dentales en Colgate-Palmolive, present\u00f3 las bondades del nuevo producto, resaltando que Colgate Total Prevenci\u00f3n Activa representa una nueva era para el cuidado bucal, con esta familia de productos que promete ser cient\u00edficamente superior, incluyendo crema dental, cepillo dental con tecnolog\u00eda de cerdas de alta densidad, y enjuague bucal con protecci\u00f3n antibacterial por 24 horas, para complementar la crema dental.<\/p>\n<p style=\"text-align: justify;\">Bienvenido Rafael L\u00f3pez, Gerente de Cuidado Oral para Relaciones Profesionales en Colgate-Palmolive; resalta c\u00f3mo Colgate Total Prevenci\u00f3n Activa combate las bacterias que son la causa ra\u00edz de los problemas bucales, actuando en \u00e1reas claves como caries, sarro, sensibilidad dental, bacterias en enc\u00edas, placa bacteriana, aliento fresco, manchas dentales y erosi\u00f3n del esmalte.<\/p>\n<p style=\"text-align: justify;\">El evento de lanzamiento se llev\u00f3 a cabo en el Hotel Embassy Suites by Hilton, y cont\u00f3 con la participaci\u00f3n de l\u00edderes clave de la compa\u00f1\u00eda, representantes de la sociedad odontol\u00f3gica y otros relacionados con la empresa.<\/p>\n<p>Fuente: Prensa Colgate<\/p>\n","protected":false},"excerpt":{"rendered":"<p>La nueva f\u00f3rmula de Colgate Total Prevenci\u00f3n Activa se destaca por prevenir problemas bucales antes<\/p>\n","protected":false},"author":4,"featured_media":40275,"comment_status":"open","ping_status":"open","sticky":false,"template":"","format":"standard","meta":{"footnotes":""},"categories":[221],"tags":[],"class_list":["post-40274","post","type-post","status-publish","format-standard","has-post-thumbnail","hentry","category-salud"],"_links":{"self":[{"href":"https:\/\/defrentealaverdad.com\/index.php\/wp-json\/wp\/v2\/posts\/40274","targetHints":{"allow":["GET"]}}],"collection":[{"href":"https:\/\/defrentealaverdad.com\/index.php\/wp-json\/wp\/v2\/posts"}],"about":[{"href":"https:\/\/defrentealaverdad.com\/index.php\/wp-json\/wp\/v2\/types\/post"}],"author":[{"embeddable":true,"href":"https:\/\/defrentealaverdad.com\/index.php\/wp-json\/wp\/v2\/users\/4"}],"replies":[{"embeddable":true,"href":"https:\/\/defrentealaverdad.com\/index.php\/wp-json\/wp\/v2\/comments?post=40274"}],"version-history":[{"count":1,"href":"https:\/\/defrentealaverdad.com\/index.php\/wp-json\/wp\/v2\/posts\/40274\/revisions"}],"predecessor-version":[{"id":40276,"href":"https:\/\/defrentealaverdad.com\/index.php\/wp-json\/wp\/v2\/posts\/40274\/revisions\/40276"}],"wp:featuredmedia":[{"embeddable":true,"href":"https:\/\/defrentealaverdad.com\/index.php\/wp-json\/wp\/v2\/media\/40275"}],"wp:attachment":[{"href":"https:\/\/defrentealaverdad.com\/index.php\/wp-json\/wp\/v2\/media?parent=40274"}],"wp:term":[{"taxonomy":"category","embeddable":true,"href":"https:\/\/defrentealaverdad.com\/index.php\/wp-json\/wp\/v2\/categories?post=40274"},{"taxonomy":"post_tag","embeddable":true,"href":"https:\/\/defrentealaverdad.com\/index.php\/wp-json\/wp\/v2\/tags?post=40274"}],"curies":[{"name":"wp","href":"https:\/\/api.w.org\/{rel}","templated":true}]}}