{"id":40267,"date":"2025-02-25T16:34:22","date_gmt":"2025-02-25T16:34:22","guid":{"rendered":"https:\/\/defrentealaverdad.com\/?p=40267"},"modified":"2025-02-25T16:35:16","modified_gmt":"2025-02-25T16:35:16","slug":"25-de-febrero-dia-de-la-bandera-dominicana","status":"publish","type":"post","link":"https:\/\/defrentealaverdad.com\/index.php\/2025\/02\/25\/25-de-febrero-dia-de-la-bandera-dominicana\/","title":{"rendered":"25 de febrero: D\u00eda de la Bandera Dominicana"},"content":{"rendered":"<p style=\"text-align: justify;\"><strong>Santo Domingo.-\u00a0<\/strong>La bandera dominicana se inspir\u00f3, en cuanto a los colores, en la francesa, sin embargo, el dise\u00f1o fue concebido por Juan Pablo Duarte. Mientras que Mar\u00eda Concepci\u00f3n Bona y Mar\u00eda Trinidad S\u00e1nchez, materializaron la idea del patricio, confeccionando la primera bandera dominicana.<\/p>\n<p style=\"text-align: justify;\">La bandera de la Rep\u00fablica Dominicana es el mayor s\u00edmbolo que representa al pa\u00eds, y que junto con el Escudo y el himno nacional, tiene la categor\u00eda de s\u00edmbolo patrio. Seg\u00fan la Constituci\u00f3n, art\u00edculo 31 y 32, tiene una cruz en el centro que extiende hacia las extremidades y divide la bandera en cuatro rect\u00e1ngulos: los de arriba son azul (en el lado del asta) y rojo, y los de abajo son rojo (en el lado del esta) y azul. En el centro de la cruz va colocado el escudo de armas de la Rep\u00fablica Dominicana.<\/p>\n<p style=\"text-align: justify;\">Los or\u00edgenes de nuestra bandera se encuentran en la bandera francesa y no precisamente por la ef\u00edmera \u00e9poca en que fuimos colonia francesa, sino por la influencia de la Revoluci\u00f3n Francesa en las independencias de Am\u00e9rica Latina. Su concepci\u00f3n se la debemos Juan Pablo Duarte, mientras que la Confecci\u00f3n es de Mar\u00eda Concepci\u00f3n Bona y Mar\u00eda Trinidad S\u00e1nchez. La misma a diferencia Escudo Dominicano, no ha sufrido tantas modificaciones.<\/p>\n<p style=\"text-align: justify;\">La primera distribuci\u00f3n de esos colores fue hecha por Juan Pablo Duarte, quien concibi\u00f3 el dise\u00f1o original, y el d\u00eda 16 de julio de 1838 obtuvo la aprobaci\u00f3n de los trinitarios para la confecci\u00f3n de la misma. Duarte coloc\u00f3 una franja azul en la margen superior de la bandera y una franja roja en la inferior, colocando la cruz blanca al centro de la misma. Posteriormente, esa distribuci\u00f3n de los colores fue cambiada para que los colores (rojo y azul) alternaran tal como en la actualidad (az\u00fal-rojo, rojo-az\u00fal), esta es la Segunda Bandera Nacional.<\/p>\n<p style=\"text-align: justify;\">El Simbolismo de los colores se lo debemos tambi\u00e9n a Duarte, quien lo describi\u00f3 de la siguiente forma:<\/p>\n<ul style=\"text-align: justify;\">\n<li><em>Azul Ultramar:<\/em> Representa el cielo que cubre la Patria, que Dios protege la naci\u00f3n dominicana y los ideales de progreso de los dominicanos.<\/li>\n<li><em>Rojo Bermell\u00f3n:<\/em> Representa la sangre derramada por los patriotas en las batallas para conseguir la independencia.<\/li>\n<li><em>Blanco:<\/em> Representa la paz y uni\u00f3n entre todos los dominicanos.<\/li>\n<\/ul>\n<p style=\"text-align: justify;\">La bandera dominicana se enarbol\u00f3 por primera vez el 27 de febrero del 1844 en la Puerta del Conde. Las primeras banderas fueron confeccionadas por varias damas, entre las que se pueden citar a Concepci\u00f3n Bona, Mar\u00eda Trinidad S\u00e1nchez, Mar\u00eda de Jes\u00fas Pi\u00f1a, Isabel Sosa.<\/p>\n<p style=\"text-align: justify;\">Las se\u00f1oritas Villa confeccionaron la primera bandera dominicana que se enarbol\u00f3 en tierras del Cibao, hecho acaecido el d\u00eda 4 de marzo de 1844 en la ciudad de La Vega.<\/p>\n<p style=\"text-align: justify;\">La bandera dominicana es el m\u00e1ximo s\u00edmbolo de patriotismo, libertad y soberan\u00eda de los dominicanos. La misma tiene un d\u00eda propio de celebraci\u00f3n, aunque se le debe honrar cada d\u00eda con gestos y hechos, el D\u00eda de la Bandera a nivel nacional es el 25 de febrero.<\/p>\n<p>Fuente: Min. Presidencia RD<\/p>\n","protected":false},"excerpt":{"rendered":"<p>Santo Domingo.-\u00a0La bandera dominicana se inspir\u00f3, en cuanto a los colores, en la francesa, sin<\/p>\n","protected":false},"author":1,"featured_media":40269,"comment_status":"open","ping_status":"open","sticky":false,"template":"","format":"standard","meta":{"footnotes":""},"categories":[7],"tags":[],"class_list":["post-40267","post","type-post","status-publish","format-standard","has-post-thumbnail","hentry","category-nacionales"],"_links":{"self":[{"href":"https:\/\/defrentealaverdad.com\/index.php\/wp-json\/wp\/v2\/posts\/40267","targetHints":{"allow":["GET"]}}],"collection":[{"href":"https:\/\/defrentealaverdad.com\/index.php\/wp-json\/wp\/v2\/posts"}],"about":[{"href":"https:\/\/defrentealaverdad.com\/index.php\/wp-json\/wp\/v2\/types\/post"}],"author":[{"embeddable":true,"href":"https:\/\/defrentealaverdad.com\/index.php\/wp-json\/wp\/v2\/users\/1"}],"replies":[{"embeddable":true,"href":"https:\/\/defrentealaverdad.com\/index.php\/wp-json\/wp\/v2\/comments?post=40267"}],"version-history":[{"count":1,"href":"https:\/\/defrentealaverdad.com\/index.php\/wp-json\/wp\/v2\/posts\/40267\/revisions"}],"predecessor-version":[{"id":40268,"href":"https:\/\/defrentealaverdad.com\/index.php\/wp-json\/wp\/v2\/posts\/40267\/revisions\/40268"}],"wp:featuredmedia":[{"embeddable":true,"href":"https:\/\/defrentealaverdad.com\/index.php\/wp-json\/wp\/v2\/media\/40269"}],"wp:attachment":[{"href":"https:\/\/defrentealaverdad.com\/index.php\/wp-json\/wp\/v2\/media?parent=40267"}],"wp:term":[{"taxonomy":"category","embeddable":true,"href":"https:\/\/defrentealaverdad.com\/index.php\/wp-json\/wp\/v2\/categories?post=40267"},{"taxonomy":"post_tag","embeddable":true,"href":"https:\/\/defrentealaverdad.com\/index.php\/wp-json\/wp\/v2\/tags?post=40267"}],"curies":[{"name":"wp","href":"https:\/\/api.w.org\/{rel}","templated":true}]}}