{"id":40264,"date":"2025-02-25T16:31:56","date_gmt":"2025-02-25T16:31:56","guid":{"rendered":"https:\/\/defrentealaverdad.com\/?p=40264"},"modified":"2025-02-25T16:31:56","modified_gmt":"2025-02-25T16:31:56","slug":"25-de-febrero-dia-del-natalicio-de-ramon-matias-mella","status":"publish","type":"post","link":"https:\/\/defrentealaverdad.com\/index.php\/2025\/02\/25\/25-de-febrero-dia-del-natalicio-de-ramon-matias-mella\/","title":{"rendered":"25 de Febrero: D\u00eda del Natalicio de Ram\u00f3n Mat\u00edas Mella"},"content":{"rendered":"<p style=\"text-align: justify;\"><strong>Ram\u00f3n Mat\u00edas Mella<\/strong> es uno de nuestros padres de la patria. Nacido en Santo Domingo el 25 de febrero de 1816, este hombre de fuertes sentimientos patri\u00f3ticos fue una pieza clave en la independencia nacional. Hoy se conmemora un a\u00f1o m\u00e1s de su nacimiento y lo recordamos con este resumen de su vida.<\/p>\n<p style=\"text-align: justify;\"><strong>Su rol en la Independencia <\/strong><\/p>\n<p style=\"text-align: justify;\">Su participaci\u00f3n en la independencia dominicana fue muy importante ya que de los tres padres de la patria \u00e9l era el militar, conocedor de estrategias de batalla, Duarte era el ide\u00f3logo, y S\u00e1nchez era el pol\u00edtico que con su carisma lograba convencer a las multitudes de la necesidad de separaci\u00f3n.<\/p>\n<p style=\"text-align: justify;\">Convoc\u00f3 e hizo posible una alianza entre los trinitarios y los reformistas haitianos que combat\u00edan contra Boyer. Esto trae como consecuencia de que el 16 de enero de 1844 firme el Acta de Separaci\u00f3n, en la cual se proclama la necesidad de separarse de la opresi\u00f3n haitiana y se hace oficial la uni\u00f3n de liberales y conservadores.<\/p>\n<p style=\"text-align: justify;\">Durante la guerra de independencia ocup\u00f3 la Regi\u00f3n Norte para impedir la penetraci\u00f3n haitiana. En la proclamaci\u00f3n de independencia el 27 de febrero de 1844, Mella dispara el famoso trabucazo que consagr\u00f3 el nacimiento de la Rep\u00fablica Dominicana. Mella es quien proclama a Duarte como presidente de la Junta Central Gubernativa para evitar que alguno de los afrancesados, que eran partidarios del colonialismo en lugar de la rep\u00fablica, ocupara el poder. Por esta actitud Pedro Santana lo expulsa del pa\u00eds.<\/p>\n<p style=\"text-align: justify;\">Mella regresa al pa\u00eds en 1848 amparado en la amnist\u00eda del presidente Manuel Jim\u00e9nez. Al regresar se une a los conservadores junto a Pedro Santana, hasta que en 1861, ante la eminente anexi\u00f3n a Espa\u00f1a, se une a los restauradores. Ram\u00f3n Mat\u00edas Mella es uno de los aguerridos luchadores, particip\u00f3 en dos grandes guerras: La Independencia y La Restauraci\u00f3n. Muri\u00f3 el 4 de junio de 1864 en Santiago. Sus restos descansan en el Altar de la Patria junto a los de Juan Pablo Duarte y Francisco del Rosario S\u00e1nchez.<\/p>\n<p style=\"text-align: justify;\">De las tres grandes figuras pr\u00f3ceres del siglo 19, fundadores de la Rep\u00fablica, Mat\u00edas Ram\u00f3n Mella representa la expresi\u00f3n militante y decidida y el m\u00e1s adaptado a las actividades pol\u00edticas de una sociedad precapitalista.<\/p>\n<p style=\"text-align: justify;\">Fuente: Dir. Com. UASD<\/p>\n","protected":false},"excerpt":{"rendered":"<p>Ram\u00f3n Mat\u00edas Mella es uno de nuestros padres de la patria. Nacido en Santo Domingo<\/p>\n","protected":false},"author":1,"featured_media":40265,"comment_status":"open","ping_status":"open","sticky":false,"template":"","format":"standard","meta":{"footnotes":""},"categories":[7],"tags":[],"class_list":["post-40264","post","type-post","status-publish","format-standard","has-post-thumbnail","hentry","category-nacionales"],"_links":{"self":[{"href":"https:\/\/defrentealaverdad.com\/index.php\/wp-json\/wp\/v2\/posts\/40264","targetHints":{"allow":["GET"]}}],"collection":[{"href":"https:\/\/defrentealaverdad.com\/index.php\/wp-json\/wp\/v2\/posts"}],"about":[{"href":"https:\/\/defrentealaverdad.com\/index.php\/wp-json\/wp\/v2\/types\/post"}],"author":[{"embeddable":true,"href":"https:\/\/defrentealaverdad.com\/index.php\/wp-json\/wp\/v2\/users\/1"}],"replies":[{"embeddable":true,"href":"https:\/\/defrentealaverdad.com\/index.php\/wp-json\/wp\/v2\/comments?post=40264"}],"version-history":[{"count":1,"href":"https:\/\/defrentealaverdad.com\/index.php\/wp-json\/wp\/v2\/posts\/40264\/revisions"}],"predecessor-version":[{"id":40266,"href":"https:\/\/defrentealaverdad.com\/index.php\/wp-json\/wp\/v2\/posts\/40264\/revisions\/40266"}],"wp:featuredmedia":[{"embeddable":true,"href":"https:\/\/defrentealaverdad.com\/index.php\/wp-json\/wp\/v2\/media\/40265"}],"wp:attachment":[{"href":"https:\/\/defrentealaverdad.com\/index.php\/wp-json\/wp\/v2\/media?parent=40264"}],"wp:term":[{"taxonomy":"category","embeddable":true,"href":"https:\/\/defrentealaverdad.com\/index.php\/wp-json\/wp\/v2\/categories?post=40264"},{"taxonomy":"post_tag","embeddable":true,"href":"https:\/\/defrentealaverdad.com\/index.php\/wp-json\/wp\/v2\/tags?post=40264"}],"curies":[{"name":"wp","href":"https:\/\/api.w.org\/{rel}","templated":true}]}}