{"id":40249,"date":"2025-02-24T23:09:43","date_gmt":"2025-02-24T23:09:43","guid":{"rendered":"https:\/\/defrentealaverdad.com\/?p=40249"},"modified":"2025-02-24T23:09:43","modified_gmt":"2025-02-24T23:09:43","slug":"ministerio-de-trabajo-y-acis-abordan-programas-de-empleo-reforma-laboral-y-la-propuesta-de-aumento-salarial","status":"publish","type":"post","link":"https:\/\/defrentealaverdad.com\/index.php\/2025\/02\/24\/ministerio-de-trabajo-y-acis-abordan-programas-de-empleo-reforma-laboral-y-la-propuesta-de-aumento-salarial\/","title":{"rendered":"Ministerio de Trabajo y ACIS abordan programas de empleo, reforma laboral y la propuesta de aumento salarial"},"content":{"rendered":"<p style=\"text-align: justify;\"><strong>Santiago de los Caballeros<\/strong> \u2013 En el marco de una sesi\u00f3n ampliada de la Asociaci\u00f3n de Comerciantes e Industriales (ACIS) con sus instituciones aliadas, el ministro de Trabajo, Eddy Olivares, present\u00f3 los ejes principales de su gesti\u00f3n que estar\u00e1n enfocados en la creaci\u00f3n de empleos de calidad, la reducci\u00f3n de la informalidad, la actualizaci\u00f3n del di\u00e1logo social, la actualizaci\u00f3n del sistema de seguridad social y la modernizaci\u00f3n del marco laboral.<\/p>\n<p style=\"text-align: justify;\">El encuentro, celebrado en la sede de la ACIS, cont\u00f3 con la participaci\u00f3n de m\u00e1s de 50 representantes de asociaciones aliadas, quienes tuvieron la oportunidad de intercambiar puntos de vista sobre los ejes presentados y tambi\u00e9n abordaron temas clave como el aumento salarial propuesto y la reforma al c\u00f3digo laboral.<\/p>\n<p style=\"text-align: justify;\">Durante su intervenci\u00f3n, el ministro Olivares destac\u00f3 la importancia de alcanzar consensos en estas materias, se\u00f1alando que \u201cla meta es el consenso y que el camino del consenso implica un manejo prudente, siendo la prudencia lo esencial\u201d. Asimismo, resalt\u00f3 la necesidad de modernizar el marco normativo laboral para adaptarlo a las nuevas din\u00e1micas del mercado, fomentando la formalizaci\u00f3n, el equilibrio entre los derechos de los trabajadores y la competitividad empresarial y abog\u00f3 por un cambio en la cultura procesal laboral.<\/p>\n<p style=\"text-align: justify;\">El presidente de la ACIS, Marcos Santana, reiter\u00f3 el compromiso de la asociaci\u00f3n con el desarrollo econ\u00f3mico y social del pa\u00eds.<\/p>\n<blockquote>\n<p style=\"text-align: justify;\">\u201cDesde la ACIS, entendemos la importancia de garantizar ingresos dignos para los trabajadores, pero tambi\u00e9n reconocemos que cualquier incremento salarial debe basarse en criterios de sostenibilidad econ\u00f3mica y productividad empresarial\u201d, afirm\u00f3 Santana.<\/p>\n<\/blockquote>\n<p style=\"text-align: justify;\">Adem\u00e1s, hizo un llamado al di\u00e1logo y la concertaci\u00f3n para abordar temas sensibles como el aumento salarial del 20% y la reforma laboral, subrayando que estas decisiones deben ser el resultado de un proceso transparente e inclusivo.<\/p>\n<p style=\"text-align: justify;\">La ACIS, con 63 a\u00f1os de historia, reafirm\u00f3 su compromiso de seguir trabajando de la mano con las instituciones del Estado y en favor del desarrollo sostenible de la econom\u00eda dominicana, promoviendo el cumplimiento de las leyes laborales y apoyando iniciativas que beneficien a todos los sectores del pa\u00eds<\/p>\n<p>Fuente: ACIS<\/p>\n","protected":false},"excerpt":{"rendered":"<p>Santiago de los Caballeros \u2013 En el marco de una sesi\u00f3n ampliada de la Asociaci\u00f3n<\/p>\n","protected":false},"author":2,"featured_media":40250,"comment_status":"open","ping_status":"open","sticky":false,"template":"","format":"standard","meta":{"footnotes":""},"categories":[7],"tags":[],"class_list":["post-40249","post","type-post","status-publish","format-standard","has-post-thumbnail","hentry","category-nacionales"],"_links":{"self":[{"href":"https:\/\/defrentealaverdad.com\/index.php\/wp-json\/wp\/v2\/posts\/40249","targetHints":{"allow":["GET"]}}],"collection":[{"href":"https:\/\/defrentealaverdad.com\/index.php\/wp-json\/wp\/v2\/posts"}],"about":[{"href":"https:\/\/defrentealaverdad.com\/index.php\/wp-json\/wp\/v2\/types\/post"}],"author":[{"embeddable":true,"href":"https:\/\/defrentealaverdad.com\/index.php\/wp-json\/wp\/v2\/users\/2"}],"replies":[{"embeddable":true,"href":"https:\/\/defrentealaverdad.com\/index.php\/wp-json\/wp\/v2\/comments?post=40249"}],"version-history":[{"count":1,"href":"https:\/\/defrentealaverdad.com\/index.php\/wp-json\/wp\/v2\/posts\/40249\/revisions"}],"predecessor-version":[{"id":40251,"href":"https:\/\/defrentealaverdad.com\/index.php\/wp-json\/wp\/v2\/posts\/40249\/revisions\/40251"}],"wp:featuredmedia":[{"embeddable":true,"href":"https:\/\/defrentealaverdad.com\/index.php\/wp-json\/wp\/v2\/media\/40250"}],"wp:attachment":[{"href":"https:\/\/defrentealaverdad.com\/index.php\/wp-json\/wp\/v2\/media?parent=40249"}],"wp:term":[{"taxonomy":"category","embeddable":true,"href":"https:\/\/defrentealaverdad.com\/index.php\/wp-json\/wp\/v2\/categories?post=40249"},{"taxonomy":"post_tag","embeddable":true,"href":"https:\/\/defrentealaverdad.com\/index.php\/wp-json\/wp\/v2\/tags?post=40249"}],"curies":[{"name":"wp","href":"https:\/\/api.w.org\/{rel}","templated":true}]}}