{"id":40247,"date":"2025-02-24T22:57:57","date_gmt":"2025-02-24T22:57:57","guid":{"rendered":"https:\/\/defrentealaverdad.com\/?p=40247"},"modified":"2025-02-24T22:57:57","modified_gmt":"2025-02-24T22:57:57","slug":"realizan-operativo-medico-en-buenos-aires-de-herrera","status":"publish","type":"post","link":"https:\/\/defrentealaverdad.com\/index.php\/2025\/02\/24\/realizan-operativo-medico-en-buenos-aires-de-herrera\/","title":{"rendered":"Realizan operativo m\u00e9dico en Buenos Aires de Herrera"},"content":{"rendered":"<p style=\"text-align: justify;\">El Movimiento Comunitario Integral (Modeci), presidido por Felipe F\u00e9lix (Kuki), el Centro Cristiano Palabra de Vida, Iglesia Generaci\u00f3n Remanente y la Fundaci\u00f3n Sembrando Semillas de Fe y Esperanza realizaron un amplio operativo m\u00e9dico en el sector Buenos Aires de Herrera, perteneciente al Municipio Santo Domingo Oeste, donde fueron atendidos por m\u00e9dicos especialistas cientos de personas de escasos recursos econ\u00f3micos, entre ellos ni\u00f1os, adolescentes, mujeres y ancianos.<\/p>\n<p style=\"text-align: justify;\">La jornada m\u00e9dica, constituye la primera de un plan municipal de asistencia social que se propone realizar dicha organizaci\u00f3n peri\u00f3dicamente en diferente barrios de SDO.<\/p>\n<p style=\"text-align: justify;\">En el operativo m\u00e9dica se realizaron consultas de Medicina General, Urolog\u00eda y Oftalmolog\u00eda, con entregas de medicamentos y lentes gratis<\/p>\n<p style=\"text-align: justify;\">Durante el operativo se realiz\u00f3 una charla sobre prevenci\u00f3n del c\u00e1ncer de prostata, el glaucoma y la catarata, entregas de medicamentos, donaciones de bastones y muletas y canastillas a mujeres embarazadas.<\/p>\n<p style=\"text-align: justify;\">La actividad estuvo coordinada por el Pastor y Obispo Inocencio Vargas, la Dra. Yuly Quevedo y Joseph Mora, Director Operativo de Modeci quien sostuvo, que <em>\u00abel gobierno de Luis Abinader s\u00f3lo se ha preocupado por la construcci\u00f3n de un metro millonario, que lleva a\u00f1os sin terminar, dejando de lado la soluci\u00f3n de los acuciantes problemas que aquejan a la ciudadan\u00eda\u00bb<\/em><\/p>\n<p style=\"text-align: justify;\">Y en ese mismo orden expres\u00f3, que \u00abla muestra m\u00e1s palpable de la indolencia del gobierno perremeista frente a las necesidades de los pobres de este pa\u00eds, ha quedado puesta de manifiesto en estos 5 a\u00f1os de gesti\u00f3n, con el deterioro de los servicios p\u00fablicos, la vuelta de los apagones, el endeudamiento con la toma de m\u00e1s de 45 mil millones de d\u00f3lares en pr\u00e9stamos y no se ve en que lo han invertido.<\/p>\n<p style=\"text-align: justify;\">A su juicio, las prioridades que debe tener todo gobernante con sensibilidad y sentido de responsabilidad es la de enfrentar con realizaciones concretas y sin demagogias, la problem\u00e1tica de la salud, la educaci\u00f3n, la alimentaci\u00f3n y el empleo, as\u00ed como la garant\u00eda a que todas las personas transiten con seguridad por calles, avenidas y callejones del pa\u00eds.<\/p>\n<p style=\"text-align: justify;\">El Movimiento Comunitario Integral (Modeci), inici\u00f3 en el a\u00f1o 2024, cuando un grupo de hombres y mujeres se reunieron para trabajar a favor de los m\u00e1s necesitados.<\/p>\n<p>Fuente: MODECI<\/p>\n","protected":false},"excerpt":{"rendered":"<p>El Movimiento Comunitario Integral (Modeci), presidido por Felipe F\u00e9lix (Kuki), el Centro Cristiano Palabra de<\/p>\n","protected":false},"author":1,"featured_media":40232,"comment_status":"open","ping_status":"open","sticky":false,"template":"","format":"standard","meta":{"footnotes":""},"categories":[7],"tags":[],"class_list":["post-40247","post","type-post","status-publish","format-standard","has-post-thumbnail","hentry","category-nacionales"],"_links":{"self":[{"href":"https:\/\/defrentealaverdad.com\/index.php\/wp-json\/wp\/v2\/posts\/40247","targetHints":{"allow":["GET"]}}],"collection":[{"href":"https:\/\/defrentealaverdad.com\/index.php\/wp-json\/wp\/v2\/posts"}],"about":[{"href":"https:\/\/defrentealaverdad.com\/index.php\/wp-json\/wp\/v2\/types\/post"}],"author":[{"embeddable":true,"href":"https:\/\/defrentealaverdad.com\/index.php\/wp-json\/wp\/v2\/users\/1"}],"replies":[{"embeddable":true,"href":"https:\/\/defrentealaverdad.com\/index.php\/wp-json\/wp\/v2\/comments?post=40247"}],"version-history":[{"count":1,"href":"https:\/\/defrentealaverdad.com\/index.php\/wp-json\/wp\/v2\/posts\/40247\/revisions"}],"predecessor-version":[{"id":40248,"href":"https:\/\/defrentealaverdad.com\/index.php\/wp-json\/wp\/v2\/posts\/40247\/revisions\/40248"}],"wp:featuredmedia":[{"embeddable":true,"href":"https:\/\/defrentealaverdad.com\/index.php\/wp-json\/wp\/v2\/media\/40232"}],"wp:attachment":[{"href":"https:\/\/defrentealaverdad.com\/index.php\/wp-json\/wp\/v2\/media?parent=40247"}],"wp:term":[{"taxonomy":"category","embeddable":true,"href":"https:\/\/defrentealaverdad.com\/index.php\/wp-json\/wp\/v2\/categories?post=40247"},{"taxonomy":"post_tag","embeddable":true,"href":"https:\/\/defrentealaverdad.com\/index.php\/wp-json\/wp\/v2\/tags?post=40247"}],"curies":[{"name":"wp","href":"https:\/\/api.w.org\/{rel}","templated":true}]}}