{"id":40241,"date":"2025-02-24T22:52:28","date_gmt":"2025-02-24T22:52:28","guid":{"rendered":"https:\/\/defrentealaverdad.com\/?p=40241"},"modified":"2025-02-24T22:52:28","modified_gmt":"2025-02-24T22:52:28","slug":"jose-ogando-resalta-impacto-positivo-de-la-nueva-ciudad-judicial-de-santo-domingo-este","status":"publish","type":"post","link":"https:\/\/defrentealaverdad.com\/index.php\/2025\/02\/24\/jose-ogando-resalta-impacto-positivo-de-la-nueva-ciudad-judicial-de-santo-domingo-este\/","title":{"rendered":"Jos\u00e9 Ogando resalta impacto positivo de la nueva Ciudad Judicial de Santo Domingo Este"},"content":{"rendered":"<p style=\"text-align: justify;\"><strong>Santo Domingo Este,<\/strong>\u00a0febrero de 2025 \u2013 La inauguraci\u00f3n de la Ciudad Judicial de Santo Domingo Este marca un hito en la modernizaci\u00f3n del sistema de justicia dominicano, garantizando mayor acceso, eficiencia y rapidez en los procesos judiciales de la provincia.<\/p>\n<p style=\"text-align: justify;\">El abogado Jos\u00e9 Ogando destac\u00f3 la importancia de esta obra, se\u00f1alando que la centralizaci\u00f3n de los principales organismos judiciales en un solo espacio optimizar\u00e1 los recursos y reducir\u00e1 significativamente los tiempos procesales.<\/p>\n<blockquote>\n<p style=\"text-align: justify;\">\u201cEsta infraestructura facilitar\u00e1 la gesti\u00f3n de casos, mejorando la atenci\u00f3n a los ciudadanos y fortaleciendo la confianza en la justicia\u201d, expres\u00f3 Ogando.<\/p>\n<\/blockquote>\n<p style=\"text-align: justify;\">La Ciudad Judicial alberga 22 salas de audiencias, la Corte de Apelaci\u00f3n Penal, la Procuradur\u00eda Fiscal, unidades de violencia de g\u00e9nero y el Tribunal de Ni\u00f1os, Ni\u00f1as y Adolescentes, entre otras dependencias, permitiendo una coordinaci\u00f3n m\u00e1s efectiva entre el Poder Judicial, el Ministerio P\u00fablico y la Oficina Nacional de Defensa P\u00fablica.<\/p>\n<blockquote>\n<p style=\"text-align: justify;\">\u201cEsta obra tendr\u00e1 un impacto favorable en la administraci\u00f3n de justicia y el servicio al usuario. El furg\u00f3n y dem\u00e1s fiscal\u00edas las cuales no contaban con las debidas condiciones para asistir a quienes solicitaban servicios jur\u00eddicos ya ser\u00e1n cosas del pasado\u201d.<\/p>\n<\/blockquote>\n<p style=\"text-align: justify;\">El complejo, inaugurado por el presidente Luis Abinader, comenzar\u00e1 a operar de manera gradual, asegurando una transici\u00f3n eficiente en la prestaci\u00f3n de los servicios. Con esta obra, se espera descongestionar los tribunales actuales y ofrecer respuestas m\u00e1s oportunas a las demandas judiciales de la poblaci\u00f3n.<\/p>\n<p>Fuente: Externa<\/p>\n","protected":false},"excerpt":{"rendered":"<p>Santo Domingo Este,\u00a0febrero de 2025 \u2013 La inauguraci\u00f3n de la Ciudad Judicial de Santo Domingo<\/p>\n","protected":false},"author":1,"featured_media":40237,"comment_status":"open","ping_status":"open","sticky":false,"template":"","format":"standard","meta":{"footnotes":""},"categories":[7],"tags":[],"class_list":["post-40241","post","type-post","status-publish","format-standard","has-post-thumbnail","hentry","category-nacionales"],"_links":{"self":[{"href":"https:\/\/defrentealaverdad.com\/index.php\/wp-json\/wp\/v2\/posts\/40241","targetHints":{"allow":["GET"]}}],"collection":[{"href":"https:\/\/defrentealaverdad.com\/index.php\/wp-json\/wp\/v2\/posts"}],"about":[{"href":"https:\/\/defrentealaverdad.com\/index.php\/wp-json\/wp\/v2\/types\/post"}],"author":[{"embeddable":true,"href":"https:\/\/defrentealaverdad.com\/index.php\/wp-json\/wp\/v2\/users\/1"}],"replies":[{"embeddable":true,"href":"https:\/\/defrentealaverdad.com\/index.php\/wp-json\/wp\/v2\/comments?post=40241"}],"version-history":[{"count":1,"href":"https:\/\/defrentealaverdad.com\/index.php\/wp-json\/wp\/v2\/posts\/40241\/revisions"}],"predecessor-version":[{"id":40242,"href":"https:\/\/defrentealaverdad.com\/index.php\/wp-json\/wp\/v2\/posts\/40241\/revisions\/40242"}],"wp:featuredmedia":[{"embeddable":true,"href":"https:\/\/defrentealaverdad.com\/index.php\/wp-json\/wp\/v2\/media\/40237"}],"wp:attachment":[{"href":"https:\/\/defrentealaverdad.com\/index.php\/wp-json\/wp\/v2\/media?parent=40241"}],"wp:term":[{"taxonomy":"category","embeddable":true,"href":"https:\/\/defrentealaverdad.com\/index.php\/wp-json\/wp\/v2\/categories?post=40241"},{"taxonomy":"post_tag","embeddable":true,"href":"https:\/\/defrentealaverdad.com\/index.php\/wp-json\/wp\/v2\/tags?post=40241"}],"curies":[{"name":"wp","href":"https:\/\/api.w.org\/{rel}","templated":true}]}}