{"id":40231,"date":"2025-02-24T22:45:53","date_gmt":"2025-02-24T22:45:53","guid":{"rendered":"https:\/\/defrentealaverdad.com\/?p=40231"},"modified":"2025-02-24T22:45:53","modified_gmt":"2025-02-24T22:45:53","slug":"ministro-de-cultura-resalta-orden-y-seguridad-en-carnaval-de-santiago","status":"publish","type":"post","link":"https:\/\/defrentealaverdad.com\/index.php\/2025\/02\/24\/ministro-de-cultura-resalta-orden-y-seguridad-en-carnaval-de-santiago\/","title":{"rendered":"Ministro de Cultura resalta orden y seguridad en Carnaval de Santiago"},"content":{"rendered":"<p style=\"text-align: justify;\">Santiago, Rep\u00fablica Dominicana. \u2013 El ministro de Cultura, Roberto \u00c1ngel Salcedo, expres\u00f3 su satisfacci\u00f3n por el orden, la seguridad y la organizaci\u00f3n con la que se ha desarrollado el Carnaval de Santiago en su edici\u00f3n de este a\u00f1o, destacando que estos elementos han permitido que las familias disfruten plenamente de la celebraci\u00f3n en un ambiente seguro y festivo.<\/p>\n<p style=\"text-align: justify;\">Salcedo se\u00f1al\u00f3 que qued\u00f3 gratamente sorprendido al presenciar la estructuraci\u00f3n y planificaci\u00f3n que han caracterizado este evento, permitiendo que la esencia del carnaval brille con todo su esplendor.<\/p>\n<blockquote>\n<p style=\"text-align: justify;\">\u00abEs una manifestaci\u00f3n de nuestra identidad cultural en la que convergen la vistosidad, la m\u00fasica, el colorido y la creatividad que nos representan como pueblo\u00bb, afirm\u00f3.<\/p>\n<\/blockquote>\n<p style=\"text-align: justify;\">El ministro destac\u00f3 que el rescate y fortalecimiento de las tradiciones es una prioridad para el Ministerio de Cultura, por lo que iniciativas como el Carnaval de Santiago juegan un papel fundamental en la preservaci\u00f3n del patrimonio cultural y en la promoci\u00f3n del arte y la creatividad de los dominicanos.<\/p>\n<p style=\"text-align: justify;\">El ministro particip\u00f3 del desfile del carnaval de Santiago en el Parque Central en compa\u00f1\u00eda del alcalde, Ulises Rodr\u00edguez, el senador de Santiago, Daniel Rivera; la directora general de \u00c9tica e Integridad Gubernamental, Milagros Ortiz Bosch y la gobernadora, Rosa Santos.<\/p>\n<p style=\"text-align: justify;\">Asimismo, agradeci\u00f3 a las autoridades locales, a los organizadores y a todos los actores involucrados en la realizaci\u00f3n del evento por su compromiso con el fortalecimiento de esta expresi\u00f3n cultural, al tiempo que reiter\u00f3 su apoyo a todas las iniciativas que fomenten la cultura y las tradiciones del pa\u00eds.<\/p>\n<p style=\"text-align: justify;\">El Carnaval de Santiago es una de las festividades m\u00e1s emblem\u00e1ticas de la Rep\u00fablica Dominicana, reconocido por su riqueza folkl\u00f3rica y la participaci\u00f3n de comparsas y personajes que enaltecen la identidad nacional y continuar\u00e1 el pr\u00f3ximo domingo 2 de marzo con el gran cierre de su edici\u00f3n 2025.<\/p>\n<p>Fuente: Min. Cultura<\/p>\n","protected":false},"excerpt":{"rendered":"<p>Santiago, Rep\u00fablica Dominicana. \u2013 El ministro de Cultura, Roberto \u00c1ngel Salcedo, expres\u00f3 su satisfacci\u00f3n por<\/p>\n","protected":false},"author":1,"featured_media":40236,"comment_status":"open","ping_status":"open","sticky":false,"template":"","format":"standard","meta":{"footnotes":""},"categories":[245],"tags":[],"class_list":["post-40231","post","type-post","status-publish","format-standard","has-post-thumbnail","hentry","category-cultura"],"_links":{"self":[{"href":"https:\/\/defrentealaverdad.com\/index.php\/wp-json\/wp\/v2\/posts\/40231","targetHints":{"allow":["GET"]}}],"collection":[{"href":"https:\/\/defrentealaverdad.com\/index.php\/wp-json\/wp\/v2\/posts"}],"about":[{"href":"https:\/\/defrentealaverdad.com\/index.php\/wp-json\/wp\/v2\/types\/post"}],"author":[{"embeddable":true,"href":"https:\/\/defrentealaverdad.com\/index.php\/wp-json\/wp\/v2\/users\/1"}],"replies":[{"embeddable":true,"href":"https:\/\/defrentealaverdad.com\/index.php\/wp-json\/wp\/v2\/comments?post=40231"}],"version-history":[{"count":1,"href":"https:\/\/defrentealaverdad.com\/index.php\/wp-json\/wp\/v2\/posts\/40231\/revisions"}],"predecessor-version":[{"id":40238,"href":"https:\/\/defrentealaverdad.com\/index.php\/wp-json\/wp\/v2\/posts\/40231\/revisions\/40238"}],"wp:featuredmedia":[{"embeddable":true,"href":"https:\/\/defrentealaverdad.com\/index.php\/wp-json\/wp\/v2\/media\/40236"}],"wp:attachment":[{"href":"https:\/\/defrentealaverdad.com\/index.php\/wp-json\/wp\/v2\/media?parent=40231"}],"wp:term":[{"taxonomy":"category","embeddable":true,"href":"https:\/\/defrentealaverdad.com\/index.php\/wp-json\/wp\/v2\/categories?post=40231"},{"taxonomy":"post_tag","embeddable":true,"href":"https:\/\/defrentealaverdad.com\/index.php\/wp-json\/wp\/v2\/tags?post=40231"}],"curies":[{"name":"wp","href":"https:\/\/api.w.org\/{rel}","templated":true}]}}