{"id":40224,"date":"2025-02-24T22:02:49","date_gmt":"2025-02-24T22:02:49","guid":{"rendered":"https:\/\/defrentealaverdad.com\/?p=40224"},"modified":"2025-02-24T22:03:06","modified_gmt":"2025-02-24T22:03:06","slug":"dgm-aumenta-flotilla-de-vehiculos-para-fortalecer-jornadas-de-interdiccion","status":"publish","type":"post","link":"https:\/\/defrentealaverdad.com\/index.php\/2025\/02\/24\/dgm-aumenta-flotilla-de-vehiculos-para-fortalecer-jornadas-de-interdiccion\/","title":{"rendered":"DGM aumenta flotilla de veh\u00edculos para fortalecer jornadas de interdicci\u00f3n"},"content":{"rendered":"<p style=\"text-align: justify;\"><b>Por Felix Rubio<\/b><\/p>\n<p style=\"text-align: justify;\">La Direcci\u00f3n General de Migraci\u00f3n (DGM) entreg\u00f3 diez nuevos veh\u00edculos para fortalecer las jornadas de interdicci\u00f3n en todo el territorio nacional, en el marco de las pol\u00edticas de seguridad relacionadas con el movimiento de inmigrantes irregulares.<\/p>\n<p style=\"text-align: justify;\">El Vicealmirante Luis Rafael Lee Ballester, ARD, director general de la instituci\u00f3n que regula y controla la entrada, permanencia y salida de extranjeros en el pa\u00eds traspas\u00f3 las llaves de las diez camionetas al Contralmirante Juan Gilberto N\u00fa\u00f1ez Abreu, ARD, director de control migratorio, para <em>\u201cque entren inmediatamente en las operaciones de interdicci\u00f3n que estamos realizando con personal nuestro\u201d.<\/em><\/p>\n<p style=\"text-align: justify;\">El titular de la DGM anunci\u00f3 que tambi\u00e9n se est\u00e1n esperando unos 50 camiones y otras 50 camionetas que ser\u00e1n entregados por el presidente de la Rep\u00fablica, Luis Abinader Corona. Dijo que con esa movilidad no s\u00f3lo se incrementar\u00e1 el trabajo del organismo, sino que tambi\u00e9n se mejorar\u00e1n sustancialmente las condiciones de traslado de los extranjeros detenidos por su condici\u00f3n ilegal en el pa\u00eds.<\/p>\n<p style=\"text-align: justify;\">Lee Ballester afirm\u00f3, asimismo, que recibir\u00e1 autobuses preparados para la movilizaci\u00f3n exclusiva de mujeres, en especial embarazadas, envejecientes y ni\u00f1os que hayan sido detenidos en los operativos de interdicci\u00f3n.<\/p>\n<p style=\"text-align: justify;\">Expuso que con las medidas se robustecen los protocolos de protecci\u00f3n f\u00edsica y garant\u00edas del trato humano, digno y de calidad para todos los interdictos, sin distinci\u00f3n de nacionalidad ni de color.<\/p>\n<p style=\"text-align: justify;\">La adquisici\u00f3n de los veh\u00edculos se hizo con fondos propios de la DGM, cumpliendo todos los requerimientos de compras y contrataciones p\u00fablicas, con lo que se demuestra el compromiso con la transparencia y la eficiencia en el uso de los recursos.<\/p>\n<p style=\"text-align: justify;\">En el acto de entrega tambi\u00e9n participaron el general de brigada piloto Juan Carlos Vicente P\u00e9rez, FARD, director de inteligencia migratoria, y el coronel Manuel Carrasco Guerrero, ERD, encargado de interdicci\u00f3n migratoria a nivel nacional, de la DGM.<\/p>\n<p style=\"text-align: justify;\">Con estas acciones, la DGM reafirma su compromiso de fortalecer el control migratorio en todo el pa\u00eds, contribuyendo al cumplimiento de sus objetivos estrat\u00e9gicos y garantizando el respeto a los derechos humanos de las personas involucradas en los procesos migratorios.<\/p>\n<p>Fuente: Prensa DGM<\/p>\n","protected":false},"excerpt":{"rendered":"<p>Por Felix Rubio La Direcci\u00f3n General de Migraci\u00f3n (DGM) entreg\u00f3 diez nuevos veh\u00edculos para fortalecer<\/p>\n","protected":false},"author":1,"featured_media":40225,"comment_status":"open","ping_status":"open","sticky":false,"template":"","format":"standard","meta":{"footnotes":""},"categories":[7],"tags":[],"class_list":["post-40224","post","type-post","status-publish","format-standard","has-post-thumbnail","hentry","category-nacionales"],"_links":{"self":[{"href":"https:\/\/defrentealaverdad.com\/index.php\/wp-json\/wp\/v2\/posts\/40224","targetHints":{"allow":["GET"]}}],"collection":[{"href":"https:\/\/defrentealaverdad.com\/index.php\/wp-json\/wp\/v2\/posts"}],"about":[{"href":"https:\/\/defrentealaverdad.com\/index.php\/wp-json\/wp\/v2\/types\/post"}],"author":[{"embeddable":true,"href":"https:\/\/defrentealaverdad.com\/index.php\/wp-json\/wp\/v2\/users\/1"}],"replies":[{"embeddable":true,"href":"https:\/\/defrentealaverdad.com\/index.php\/wp-json\/wp\/v2\/comments?post=40224"}],"version-history":[{"count":2,"href":"https:\/\/defrentealaverdad.com\/index.php\/wp-json\/wp\/v2\/posts\/40224\/revisions"}],"predecessor-version":[{"id":40227,"href":"https:\/\/defrentealaverdad.com\/index.php\/wp-json\/wp\/v2\/posts\/40224\/revisions\/40227"}],"wp:featuredmedia":[{"embeddable":true,"href":"https:\/\/defrentealaverdad.com\/index.php\/wp-json\/wp\/v2\/media\/40225"}],"wp:attachment":[{"href":"https:\/\/defrentealaverdad.com\/index.php\/wp-json\/wp\/v2\/media?parent=40224"}],"wp:term":[{"taxonomy":"category","embeddable":true,"href":"https:\/\/defrentealaverdad.com\/index.php\/wp-json\/wp\/v2\/categories?post=40224"},{"taxonomy":"post_tag","embeddable":true,"href":"https:\/\/defrentealaverdad.com\/index.php\/wp-json\/wp\/v2\/tags?post=40224"}],"curies":[{"name":"wp","href":"https:\/\/api.w.org\/{rel}","templated":true}]}}