{"id":40204,"date":"2025-02-24T15:43:46","date_gmt":"2025-02-24T15:43:46","guid":{"rendered":"https:\/\/defrentealaverdad.com\/?p=40204"},"modified":"2025-02-24T15:43:46","modified_gmt":"2025-02-24T15:43:46","slug":"digesett-aclara-situacion-sobre-camioneta-de-la-entidad-involucrada-en-accidente","status":"publish","type":"post","link":"https:\/\/defrentealaverdad.com\/index.php\/2025\/02\/24\/digesett-aclara-situacion-sobre-camioneta-de-la-entidad-involucrada-en-accidente\/","title":{"rendered":"DIGESETT aclara situaci\u00f3n sobre camioneta de la entidad involucrada en accidente"},"content":{"rendered":"<p style=\"text-align: justify;\">La Direcci\u00f3n General de Seguridad de Tr\u00e1nsito y Transporte Terrestre (DIGESETT) informa a la ciudadan\u00eda sobre un incidente ocurrido recientemente en el que se ha visto involucrada una de nuestras unidades operativas. Este pronunciamiento surge a ra\u00edz de un video que ha sido difundido en redes sociales, mostrando una camioneta de la DIGESETT con da\u00f1os en la puerta del conductor.<\/p>\n<p style=\"text-align: justify;\">La realidad de lo que ocurri\u00f3\u0301 es que una de nuestra unidad estaba atendiendo una colisi\u00f3n pr\u00f3xima al diez de cumayasa, en la que, lamentablemente, perdieron la vida dos personas. En el momento en que se realizaba la viabilizacio\u0301n del lugar en colaboraci\u00f3n con el Ministerio de Obras P\u00fablicas y Comunicaciones (MOPC), un veh\u00edculo marca Jeep impacto\u0301 de manera inesperada la unidad de la DIGESETT y otra unidad del 911. Durante el incidente, un miembro del MOPC tambi\u00e9n fue impactado por el mismo veh\u00edculo, resultando fallecido.<\/p>\n<p style=\"text-align: justify;\">Lamentamos profundamente las p\u00e9rdidas ocurridas y nos unimos al duelo de las familias afectadas. La DIGESETT, en colaboraci\u00f3n con las autoridades pertinentes, llevara\u0301 a cabo una investigaci\u00f3n para esclarecer todos los detalles de este lamentable suceso.<\/p>\n<p style=\"text-align: justify;\">Es importante destacar que la unidad de la DIGESETT estaba esperando ser trasladada a Santo Domingo con la finalidad de repararla. La situaci\u00f3n descrita en el video no refleja que la unidad estuviera en labor regular de patrullaje.<\/p>\n<p style=\"text-align: justify;\">Hacemos un llamado a los ciudadanos a investigar primero al momento de compartir informaci\u00f3n en redes sociales, y recordamos la importancia de verificar los hechos antes de difundir contenidos que puedan generar desinformaci\u00f3n.<\/p>\n<p style=\"text-align: justify;\">Fuente: Depto. Com. DIGESETT<\/p>\n","protected":false},"excerpt":{"rendered":"<p>La Direcci\u00f3n General de Seguridad de Tr\u00e1nsito y Transporte Terrestre (DIGESETT) informa a la ciudadan\u00eda<\/p>\n","protected":false},"author":1,"featured_media":40205,"comment_status":"open","ping_status":"open","sticky":false,"template":"","format":"standard","meta":{"footnotes":""},"categories":[7],"tags":[],"class_list":["post-40204","post","type-post","status-publish","format-standard","has-post-thumbnail","hentry","category-nacionales"],"_links":{"self":[{"href":"https:\/\/defrentealaverdad.com\/index.php\/wp-json\/wp\/v2\/posts\/40204","targetHints":{"allow":["GET"]}}],"collection":[{"href":"https:\/\/defrentealaverdad.com\/index.php\/wp-json\/wp\/v2\/posts"}],"about":[{"href":"https:\/\/defrentealaverdad.com\/index.php\/wp-json\/wp\/v2\/types\/post"}],"author":[{"embeddable":true,"href":"https:\/\/defrentealaverdad.com\/index.php\/wp-json\/wp\/v2\/users\/1"}],"replies":[{"embeddable":true,"href":"https:\/\/defrentealaverdad.com\/index.php\/wp-json\/wp\/v2\/comments?post=40204"}],"version-history":[{"count":1,"href":"https:\/\/defrentealaverdad.com\/index.php\/wp-json\/wp\/v2\/posts\/40204\/revisions"}],"predecessor-version":[{"id":40206,"href":"https:\/\/defrentealaverdad.com\/index.php\/wp-json\/wp\/v2\/posts\/40204\/revisions\/40206"}],"wp:featuredmedia":[{"embeddable":true,"href":"https:\/\/defrentealaverdad.com\/index.php\/wp-json\/wp\/v2\/media\/40205"}],"wp:attachment":[{"href":"https:\/\/defrentealaverdad.com\/index.php\/wp-json\/wp\/v2\/media?parent=40204"}],"wp:term":[{"taxonomy":"category","embeddable":true,"href":"https:\/\/defrentealaverdad.com\/index.php\/wp-json\/wp\/v2\/categories?post=40204"},{"taxonomy":"post_tag","embeddable":true,"href":"https:\/\/defrentealaverdad.com\/index.php\/wp-json\/wp\/v2\/tags?post=40204"}],"curies":[{"name":"wp","href":"https:\/\/api.w.org\/{rel}","templated":true}]}}