{"id":40201,"date":"2025-02-24T12:39:05","date_gmt":"2025-02-24T12:39:05","guid":{"rendered":"https:\/\/defrentealaverdad.com\/?p=40201"},"modified":"2025-02-24T12:39:05","modified_gmt":"2025-02-24T12:39:05","slug":"maestro-artesano-ramon-guillen-felicita-al-ministro-de-cultura-roberto-angel-salcedo-por-poner-su-oido-en-el-corazon-de-la-cultura-popular-dominicana","status":"publish","type":"post","link":"https:\/\/defrentealaverdad.com\/index.php\/2025\/02\/24\/maestro-artesano-ramon-guillen-felicita-al-ministro-de-cultura-roberto-angel-salcedo-por-poner-su-oido-en-el-corazon-de-la-cultura-popular-dominicana\/","title":{"rendered":"Maestro Artesano Ram\u00f3n Guillen felicita al Ministro de Cultura Roberto \u00c1ngel Salcedo por poner su o\u00eddo en el coraz\u00f3n de la Cultura Popular Dominicana."},"content":{"rendered":"<p style=\"text-align: justify;\"><strong>Monte Plata, RD.<\/strong> \u2013 En un emotivo acto celebrado en la provincia de Monte Plata, el Maestro Artesano Ram\u00f3n Guillen felicit\u00f3 al Ministro de Cultura, Roberto \u00c1ngel Salcedo, por su enfoque hacia la preservaci\u00f3n y promoci\u00f3n de la cultura popular dominicana. El evento cont\u00f3 con la presencia de la Gobernadora de Monte Plata, Rafaela Gomera, y el Senador Pedro Tineo, quienes fueron los anfitriones de la ceremonia.<\/p>\n<p style=\"text-align: justify;\">Durante el acto, Guillen, quien fue invitado especial, entreg\u00f3 al Ministro Salcedo una r\u00e9plica de un D\u00faho, un asiento ceremonial Taino, s\u00edmbolo de la sabidur\u00eda ancestral. Este asiento, utilizado por el Cacique para ense\u00f1ar a trav\u00e9s de los canticos conocidos como Areitos, representaba un medio para educar a las nuevas generaciones en temas de costumbres, moral, civismo, religiosidad, identidad, mitolog\u00edas y todo el acervo cultural Taino. El objetivo de este obsequio, seg\u00fan Guillen, era recordar la importancia de la transmisi\u00f3n oral de la cultura de generaci\u00f3n en generaci\u00f3n, para asegurar que el legado cultural nunca se pierda.<\/p>\n<p style=\"text-align: justify;\">El Maestro Artesano expres\u00f3 que, en nombre de todos los artesanos del pa\u00eds y los gestores culturales, depositan su confianza y esperanza en la gesti\u00f3n del Ministro Salcedo. <em>\u00abEstamos seguros de que las Industrias Naranjas florecer\u00e1n y dar\u00e1n buenos frutos bajo su liderazgo\u00bb,<\/em> coment\u00f3 Guillen, destacando el papel crucial de la cultura como motor de desarrollo y unidad nacional.<\/p>\n<p style=\"text-align: justify;\">El acto culmin\u00f3 con un ambiente de optimismo y compromiso por parte de todos los presentes, con la firme convicci\u00f3n de que la cultura dominicana continuar\u00e1 fortaleci\u00e9ndose en manos de quienes la valoran y la promueven.<\/p>\n<p>Fuente: RD Firma Autorizada<\/p>\n","protected":false},"excerpt":{"rendered":"<p>Monte Plata, RD. \u2013 En un emotivo acto celebrado en la provincia de Monte Plata,<\/p>\n","protected":false},"author":1,"featured_media":40202,"comment_status":"open","ping_status":"open","sticky":false,"template":"","format":"standard","meta":{"footnotes":""},"categories":[7],"tags":[],"class_list":["post-40201","post","type-post","status-publish","format-standard","has-post-thumbnail","hentry","category-nacionales"],"_links":{"self":[{"href":"https:\/\/defrentealaverdad.com\/index.php\/wp-json\/wp\/v2\/posts\/40201","targetHints":{"allow":["GET"]}}],"collection":[{"href":"https:\/\/defrentealaverdad.com\/index.php\/wp-json\/wp\/v2\/posts"}],"about":[{"href":"https:\/\/defrentealaverdad.com\/index.php\/wp-json\/wp\/v2\/types\/post"}],"author":[{"embeddable":true,"href":"https:\/\/defrentealaverdad.com\/index.php\/wp-json\/wp\/v2\/users\/1"}],"replies":[{"embeddable":true,"href":"https:\/\/defrentealaverdad.com\/index.php\/wp-json\/wp\/v2\/comments?post=40201"}],"version-history":[{"count":1,"href":"https:\/\/defrentealaverdad.com\/index.php\/wp-json\/wp\/v2\/posts\/40201\/revisions"}],"predecessor-version":[{"id":40203,"href":"https:\/\/defrentealaverdad.com\/index.php\/wp-json\/wp\/v2\/posts\/40201\/revisions\/40203"}],"wp:featuredmedia":[{"embeddable":true,"href":"https:\/\/defrentealaverdad.com\/index.php\/wp-json\/wp\/v2\/media\/40202"}],"wp:attachment":[{"href":"https:\/\/defrentealaverdad.com\/index.php\/wp-json\/wp\/v2\/media?parent=40201"}],"wp:term":[{"taxonomy":"category","embeddable":true,"href":"https:\/\/defrentealaverdad.com\/index.php\/wp-json\/wp\/v2\/categories?post=40201"},{"taxonomy":"post_tag","embeddable":true,"href":"https:\/\/defrentealaverdad.com\/index.php\/wp-json\/wp\/v2\/tags?post=40201"}],"curies":[{"name":"wp","href":"https:\/\/api.w.org\/{rel}","templated":true}]}}