{"id":40198,"date":"2025-02-24T12:36:25","date_gmt":"2025-02-24T12:36:25","guid":{"rendered":"https:\/\/defrentealaverdad.com\/?p=40198"},"modified":"2025-02-24T12:36:25","modified_gmt":"2025-02-24T12:36:25","slug":"celebran-con-exito-el-2do-aniversario-es-hora-de-la-juventud","status":"publish","type":"post","link":"https:\/\/defrentealaverdad.com\/index.php\/2025\/02\/24\/celebran-con-exito-el-2do-aniversario-es-hora-de-la-juventud\/","title":{"rendered":"Celebran con \u00e9xito el 2do. Aniversario es hora de la juventud"},"content":{"rendered":"<p style=\"text-align: justify;\"><strong>La Romana, RD.<\/strong> El movieminto juvenil Es Hora de la Juventud celebr\u00f3 sus dos a\u00f1os de gesti\u00f3n en pro al desarrollo y empoderamiento juvenil de la ciudad de La Romana, siendo punta de lanza para quienes buscan trazar un camino hacia el futuro.<\/p>\n<p style=\"text-align: justify;\">La maestr\u00eda estuvo a cargo de la Licda. Madelyn Harrigan, comunicadora destacada de todo el territorio nacional, quien condujo este evento de manera loable y profesional. En el mismo se dieron cita las autoridades: Ivelisse Mercedes Mendez, gobernadora de La Romana, la Diputada Jaqueline Fernandez, los regidores del municipio cabecera Licda. Trina Agomas y Federico Guerrero, el Dir. Mupal de la juventud de La Romana el joven Alejandro Mercedes, Yeison Carrascos regidor del municipio y el director provisional de turismos Enrique Dechamps, entre otras personalidades destacadas de la ciudad. Quienes afianzaron su compromiso con la juventud.<\/p>\n<p style=\"text-align: justify;\">Durante este acto de rendici\u00f3n de cuentas se destacaron las labores llevadas a cabo durante el a\u00f1o 2023 &#8211; 2024, los cuales tuvieron como mensaje principal siempre enaltecer los valores, llevando mensajes positivos a cada lugar. Fueron destacados los miembros del comit\u00e9 directivo, as\u00ed como los proyectos futuros de la organizaci\u00f3n.<\/p>\n<p style=\"text-align: justify;\">Su director el joven Mario Amparo, dio las gracias a las autoridades y empresarios por una vez m\u00e1s siempre decir presente; destac\u00f3 en su discurso central <em>\u201cPero no nos detenemos aqu\u00ed. Nuestro compromiso sigue firme. Seguiremos abriendo puertas, tocando corazones y creando oportunidades. Porque La Romana necesita j\u00f3venes valientes, dispuestos a servir, a innovar, a alzar la voz y a transformar su realidad.\u201d<\/em> animando a la juventud emergente pelear por sus sue\u00f1os, construir un futuro y trillar el camino al \u00e9xito persiguiendo los buenos valores.<\/p>\n<p style=\"text-align: justify;\">Es Hora de La Juventud, movimiento juvenil de nuestra ciudad, confirmado por j\u00f3venes de diferentes edades con una misma visi\u00f3n:<\/p>\n<blockquote>\n<p style=\"text-align: justify;\">\u201cDemostrar que la juventud no es solo el futuro, sino el presente que construye y lidera.\u201d, con estas palabras columbino su director.<\/p>\n<\/blockquote>\n<p>Fuente: Movieminto Juvenil: \u00abEs Hora de la Juventud\u00bb<\/p>\n","protected":false},"excerpt":{"rendered":"<p>La Romana, RD. El movieminto juvenil Es Hora de la Juventud celebr\u00f3 sus dos a\u00f1os<\/p>\n","protected":false},"author":4,"featured_media":40199,"comment_status":"open","ping_status":"open","sticky":false,"template":"","format":"standard","meta":{"footnotes":""},"categories":[7],"tags":[],"class_list":["post-40198","post","type-post","status-publish","format-standard","has-post-thumbnail","hentry","category-nacionales"],"_links":{"self":[{"href":"https:\/\/defrentealaverdad.com\/index.php\/wp-json\/wp\/v2\/posts\/40198","targetHints":{"allow":["GET"]}}],"collection":[{"href":"https:\/\/defrentealaverdad.com\/index.php\/wp-json\/wp\/v2\/posts"}],"about":[{"href":"https:\/\/defrentealaverdad.com\/index.php\/wp-json\/wp\/v2\/types\/post"}],"author":[{"embeddable":true,"href":"https:\/\/defrentealaverdad.com\/index.php\/wp-json\/wp\/v2\/users\/4"}],"replies":[{"embeddable":true,"href":"https:\/\/defrentealaverdad.com\/index.php\/wp-json\/wp\/v2\/comments?post=40198"}],"version-history":[{"count":1,"href":"https:\/\/defrentealaverdad.com\/index.php\/wp-json\/wp\/v2\/posts\/40198\/revisions"}],"predecessor-version":[{"id":40200,"href":"https:\/\/defrentealaverdad.com\/index.php\/wp-json\/wp\/v2\/posts\/40198\/revisions\/40200"}],"wp:featuredmedia":[{"embeddable":true,"href":"https:\/\/defrentealaverdad.com\/index.php\/wp-json\/wp\/v2\/media\/40199"}],"wp:attachment":[{"href":"https:\/\/defrentealaverdad.com\/index.php\/wp-json\/wp\/v2\/media?parent=40198"}],"wp:term":[{"taxonomy":"category","embeddable":true,"href":"https:\/\/defrentealaverdad.com\/index.php\/wp-json\/wp\/v2\/categories?post=40198"},{"taxonomy":"post_tag","embeddable":true,"href":"https:\/\/defrentealaverdad.com\/index.php\/wp-json\/wp\/v2\/tags?post=40198"}],"curies":[{"name":"wp","href":"https:\/\/api.w.org\/{rel}","templated":true}]}}