{"id":40194,"date":"2025-02-22T01:58:41","date_gmt":"2025-02-22T01:58:41","guid":{"rendered":"https:\/\/defrentealaverdad.com\/?p=40194"},"modified":"2025-02-24T02:00:12","modified_gmt":"2025-02-24T02:00:12","slug":"40194","status":"publish","type":"post","link":"https:\/\/defrentealaverdad.com\/index.php\/2025\/02\/22\/40194\/","title":{"rendered":"Contin\u00faa integraci\u00f3n de Pasados Jefes Militares y Policiales a la Hermandad de Veteranos"},"content":{"rendered":"<p style=\"text-align: justify;\"><strong>Santo Domingo&#8211;El<\/strong> Mayor General (R) Valerio Ant. Garc\u00eda Reyes ERD. Presidente de la Hermandad de Veteranos de las Fuerzas Armadas y la Polic\u00eda Nacional, recibi\u00f3 la visita del Mayor General (R) Juan Ant. Campusano L\u00f3pez ERD. Pasado Comandante General del Ej\u00e9rcito de Rep\u00fablica Dominicana y el Mayor General (R) Jos\u00e9 Armando Polanco G\u00f3mez PN. Pasado Director General de la Polic\u00eda Nacional quienes acompa\u00f1ados del General (R) Holgu\u00edn Batista ERD y el Contraalmirante (R) Frank Polanco de los Santos ARD. recorrieron las instalaciones de la Hermandad y sorprendidos verificaron los avances de la instituci\u00f3n en esta nueva gesti\u00f3n 2024-2027.<\/p>\n<p style=\"text-align: justify;\">Los altos oficiales visitantes aprovecharon la visita para participar en el 1er. Censo Nacional de Veteranos que desarrolla la Hermandad con el prop\u00f3sito de actualizar los datos de salud y calidad de vida de los pensionados.<\/p>\n<p style=\"text-align: justify;\">Los Generales Campusano y Polanco, expresaron su satisfacci\u00f3n por el remozamiento de las instalaciones y los proyectos en desarrollo como son las nuevas oficinas, el remozamiento de los salones de fiestas, panader\u00eda, cocina restaurante, farmacia, centro de atenci\u00f3n primaria, comisi\u00f3n de Defensa de los derechos de los Veteranos, Economato, Planta de agua y funeraria que est\u00e1n orientadas a mejorar las condiciones de vida de los veteranos<\/p>\n<p style=\"text-align: justify;\">Polanco G\u00f3mez es el 1er. Pasado Director General de la Polic\u00eda Nacional y Campusano el 2do. Pasado Comandante General del Ej\u00e9rcito de Rep\u00fablica Dominicana en actualizar sus datos y participar en el censo. Durante la visita ambos Mayores Generales firmaron el libro de visitas Distinguidas e inmediatamente se les entreg\u00f3 el carnet actualizado que los acredita como miembros de la Hermandad.<\/p>\n<p>Fuente: Externa<\/p>\n","protected":false},"excerpt":{"rendered":"<p>Santo Domingo&#8211;El Mayor General (R) Valerio Ant. Garc\u00eda Reyes ERD. Presidente de la Hermandad de<\/p>\n","protected":false},"author":1,"featured_media":40196,"comment_status":"open","ping_status":"open","sticky":false,"template":"","format":"standard","meta":{"footnotes":""},"categories":[7],"tags":[],"class_list":["post-40194","post","type-post","status-publish","format-standard","has-post-thumbnail","hentry","category-nacionales"],"_links":{"self":[{"href":"https:\/\/defrentealaverdad.com\/index.php\/wp-json\/wp\/v2\/posts\/40194","targetHints":{"allow":["GET"]}}],"collection":[{"href":"https:\/\/defrentealaverdad.com\/index.php\/wp-json\/wp\/v2\/posts"}],"about":[{"href":"https:\/\/defrentealaverdad.com\/index.php\/wp-json\/wp\/v2\/types\/post"}],"author":[{"embeddable":true,"href":"https:\/\/defrentealaverdad.com\/index.php\/wp-json\/wp\/v2\/users\/1"}],"replies":[{"embeddable":true,"href":"https:\/\/defrentealaverdad.com\/index.php\/wp-json\/wp\/v2\/comments?post=40194"}],"version-history":[{"count":2,"href":"https:\/\/defrentealaverdad.com\/index.php\/wp-json\/wp\/v2\/posts\/40194\/revisions"}],"predecessor-version":[{"id":40197,"href":"https:\/\/defrentealaverdad.com\/index.php\/wp-json\/wp\/v2\/posts\/40194\/revisions\/40197"}],"wp:featuredmedia":[{"embeddable":true,"href":"https:\/\/defrentealaverdad.com\/index.php\/wp-json\/wp\/v2\/media\/40196"}],"wp:attachment":[{"href":"https:\/\/defrentealaverdad.com\/index.php\/wp-json\/wp\/v2\/media?parent=40194"}],"wp:term":[{"taxonomy":"category","embeddable":true,"href":"https:\/\/defrentealaverdad.com\/index.php\/wp-json\/wp\/v2\/categories?post=40194"},{"taxonomy":"post_tag","embeddable":true,"href":"https:\/\/defrentealaverdad.com\/index.php\/wp-json\/wp\/v2\/tags?post=40194"}],"curies":[{"name":"wp","href":"https:\/\/api.w.org\/{rel}","templated":true}]}}