{"id":40183,"date":"2025-02-23T21:31:42","date_gmt":"2025-02-23T21:31:42","guid":{"rendered":"https:\/\/defrentealaverdad.com\/?p=40183"},"modified":"2025-02-24T01:52:30","modified_gmt":"2025-02-24T01:52:30","slug":"ministro-deligne-ascencion-y-presidente-inaguran-la-ciudad-judicial-sde","status":"publish","type":"post","link":"https:\/\/defrentealaverdad.com\/index.php\/2025\/02\/23\/ministro-deligne-ascencion-y-presidente-inaguran-la-ciudad-judicial-sde\/","title":{"rendered":"Ministro Deligne Ascenci\u00f3n y Presidente inaguran la Ciudad Judicial SDE"},"content":{"rendered":"<p style=\"text-align: justify;\">Santo Domingo Este.- Con la presencia del presidente de la Rep\u00fablica, Luis Abinader, y del ministro de Obras P\u00fablicas y Comunicaciones, Deligne Ascenci\u00f3n, se llev\u00f3 a cabo la inauguraci\u00f3n de la Ciudad Judicial de Santo Domingo Este, una obra que marca un antes y un despu\u00e9s en la infraestructura judicial del pa\u00eds.<\/p>\n<p style=\"text-align: justify;\">Este moderno complejo albergar\u00e1 el sistema de justicia completo de la provincia de Santo Domingo, reuniendo en un mismo espacio al Poder Judicial, el Ministerio P\u00fablico y la Defensa P\u00fablica. Seg\u00fan destac\u00f3 el ministro Ascenci\u00f3n, se trata de la edificaci\u00f3n m\u00e1s grande y moderna construida para el sistema judicial en la historia de la democracia dominicana.<\/p>\n<p style=\"text-align: justify;\">Con una extensi\u00f3n de 50,330 metros cuadrados, el recinto cuenta con siete bloques de cuatro niveles, un nivel soterrado, \u00e1reas de parqueo con capacidad para 349 veh\u00edculos, oficinas administrativas, tribunales civiles, penales, laborales y de jurisdicci\u00f3n inmobiliaria. Tambi\u00e9n albergar\u00e1 dependencias del Ministerio P\u00fablico, como la Unidad de Atenci\u00f3n Permanente y la de Violencia de G\u00e9nero.<\/p>\n<p style=\"text-align: justify;\">El ministro Ascenci\u00f3n record\u00f3 que, al asumir la administraci\u00f3n en 2020, la obra apenas contaba con un 20 % de ejecuci\u00f3n y enfrentaba diversos retos presupuestarios y t\u00e9cnicos. Sin embargo, gracias a un proceso de redise\u00f1o y reestructuraci\u00f3n del proyecto, se logr\u00f3 concluir con altos est\u00e1ndares de calidad y en cumplimiento con las necesidades de todos los actores del sistema judicial.<\/p>\n<p style=\"text-align: justify;\">La Ciudad Judicial de Santo Domingo Este se estima recibir\u00e1 entre 3,000 y 4,000 personas diarias, brindando un acceso m\u00e1s eficiente y digno a la justicia. Adem\u00e1s, est\u00e1 dise\u00f1ada para integrarse con la comunidad, ofreciendo espacios p\u00fablicos que podr\u00edan ser aprovechados para fines recreativos y comerciales en el futuro.<\/p>\n<p style=\"text-align: justify;\">El costo total de la obra asciende a RD$4,486 millones, ejecutados por las empresas consorciadas Ingenier\u00eda Met\u00e1lica y Constructora Rizek &amp; Asociados, bajo un estricto marco de transparencia y cumplimiento legal.<\/p>\n<p style=\"text-align: justify;\">Durante la inauguraci\u00f3n, el ministro Ascenci\u00f3n enfatiz\u00f3 que esta edificaci\u00f3n forma parte del legado del presidente Abinader en su compromiso con el fortalecimiento institucional y la independencia del Poder Judicial. Asimismo, agradeci\u00f3 a los miembros de la Suprema Corte de Justicia, el Ministerio P\u00fablico, los contratistas y el equipo del Ministerio de Obras P\u00fablicas por su esfuerzo y dedicaci\u00f3n en la materializaci\u00f3n de este proyecto.<\/p>\n<p style=\"text-align: justify;\">Con esta inauguraci\u00f3n, el Gobierno reafirma su compromiso de seguir impulsando el desarrollo y modernizaci\u00f3n de las infraestructuras del pa\u00eds, garantizando un sistema de justicia m\u00e1s accesible y eficiente para todos los ciudadanos.<\/p>\n<p>Fuente: Dir. Com. MOPC<\/p>\n","protected":false},"excerpt":{"rendered":"<p>Santo Domingo Este.- Con la presencia del presidente de la Rep\u00fablica, Luis Abinader, y del<\/p>\n","protected":false},"author":1,"featured_media":40186,"comment_status":"open","ping_status":"open","sticky":false,"template":"","format":"standard","meta":{"footnotes":""},"categories":[7],"tags":[],"class_list":["post-40183","post","type-post","status-publish","format-standard","has-post-thumbnail","hentry","category-nacionales"],"_links":{"self":[{"href":"https:\/\/defrentealaverdad.com\/index.php\/wp-json\/wp\/v2\/posts\/40183","targetHints":{"allow":["GET"]}}],"collection":[{"href":"https:\/\/defrentealaverdad.com\/index.php\/wp-json\/wp\/v2\/posts"}],"about":[{"href":"https:\/\/defrentealaverdad.com\/index.php\/wp-json\/wp\/v2\/types\/post"}],"author":[{"embeddable":true,"href":"https:\/\/defrentealaverdad.com\/index.php\/wp-json\/wp\/v2\/users\/1"}],"replies":[{"embeddable":true,"href":"https:\/\/defrentealaverdad.com\/index.php\/wp-json\/wp\/v2\/comments?post=40183"}],"version-history":[{"count":2,"href":"https:\/\/defrentealaverdad.com\/index.php\/wp-json\/wp\/v2\/posts\/40183\/revisions"}],"predecessor-version":[{"id":40185,"href":"https:\/\/defrentealaverdad.com\/index.php\/wp-json\/wp\/v2\/posts\/40183\/revisions\/40185"}],"wp:featuredmedia":[{"embeddable":true,"href":"https:\/\/defrentealaverdad.com\/index.php\/wp-json\/wp\/v2\/media\/40186"}],"wp:attachment":[{"href":"https:\/\/defrentealaverdad.com\/index.php\/wp-json\/wp\/v2\/media?parent=40183"}],"wp:term":[{"taxonomy":"category","embeddable":true,"href":"https:\/\/defrentealaverdad.com\/index.php\/wp-json\/wp\/v2\/categories?post=40183"},{"taxonomy":"post_tag","embeddable":true,"href":"https:\/\/defrentealaverdad.com\/index.php\/wp-json\/wp\/v2\/tags?post=40183"}],"curies":[{"name":"wp","href":"https:\/\/api.w.org\/{rel}","templated":true}]}}